{"id":9968,"date":"2017-07-11T15:35:02","date_gmt":"2017-07-11T18:35:02","guid":{"rendered":"http:\/\/www.classicshow.com.br\/site\/?p=9968"},"modified":"2017-07-11T15:35:02","modified_gmt":"2017-07-11T18:35:02","slug":"ferrari-daytona-elton-john-vai-a-leilao","status":"publish","type":"post","link":"https:\/\/www.classicshow.com.br\/site\/ferrari-daytona-elton-john-vai-a-leilao\/","title":{"rendered":"Ferrari Daytona de Elton John vai a leil\u00e3o em agosto"},"content":{"rendered":"<p style=\"text-align: justify;\"><em>A <strong>Ferrari\u00a0365 GTB\/4 Daytona 1972<\/strong>, que pertenceu a <strong>Elton John<\/strong>, vai a leil\u00e3o no &#8220;<strong>The Silverstone Classic Sale 2017<\/strong>&#8220;, em agosto.<\/em><\/p>\n<p><a href=\"http:\/\/classicshow.lojavirtualfc.com.br\/prod,idloja,14163,idproduto,2199063,assinaturas-assinatura-da-revista-classic-show\" target=\"_blank\" rel=\"noopener noreferrer\"><img loading=\"lazy\" class=\"size-full wp-image-5088 aligncenter\" src=\"http:\/\/www.classicshow.com.br\/site\/wp-content\/uploads\/2015\/12\/banner_assinatura.jpg\" alt=\"banner_assinatura\" width=\"728\" height=\"90\" srcset=\"https:\/\/www.classicshow.com.br\/site\/wp-content\/uploads\/2015\/12\/banner_assinatura.jpg 728w, https:\/\/www.classicshow.com.br\/site\/wp-content\/uploads\/2015\/12\/banner_assinatura-300x37.jpg 300w\" sizes=\"(max-width: 728px) 100vw, 728px\" \/><\/a><\/p>\n<p style=\"text-align: justify;\">Dois anos depois da Lamborghini conceber o seu Miura em meados de 1966, a Ferrari lan\u00e7aria um concorrente direto para o modelo, o 365 GTB \/ 4. Pelos resultados nas pistas, logo ganhou o apelido de \u201cDaytona\u201d.<\/p>\n<p><img loading=\"lazy\" class=\"aligncenter size-full wp-image-9973\" src=\"http:\/\/www.classicshow.com.br\/site\/wp-content\/uploads\/2017\/07\/ferrari-365-GTB-4_01.jpg\" alt=\"\" width=\"800\" height=\"445\" srcset=\"https:\/\/www.classicshow.com.br\/site\/wp-content\/uploads\/2017\/07\/ferrari-365-GTB-4_01.jpg 800w, https:\/\/www.classicshow.com.br\/site\/wp-content\/uploads\/2017\/07\/ferrari-365-GTB-4_01-300x167.jpg 300w, https:\/\/www.classicshow.com.br\/site\/wp-content\/uploads\/2017\/07\/ferrari-365-GTB-4_01-768x427.jpg 768w\" sizes=\"(max-width: 800px) 100vw, 800px\" \/><\/p>\n<p style=\"text-align: justify;\">Seu motor V12 de 4,4 litros produzia impressionantes 352 HP, capazes de levar o ve\u00edculo a mais de 280 km\/h, uma velocidade final maior que o Lamborghini Miura. A caixa de marchas de 5 velocidades era montada na parte traseira do autom\u00f3vel, visando uma melhor distribui\u00e7\u00e3o de peso, contribuindo para uma excelente condu\u00e7\u00e3o nas estradas.<\/p>\n<p><img loading=\"lazy\" class=\"aligncenter size-full wp-image-9974\" src=\"http:\/\/www.classicshow.com.br\/site\/wp-content\/uploads\/2017\/07\/ferrari-365-GTB-4_02.jpg\" alt=\"\" width=\"800\" height=\"445\" srcset=\"https:\/\/www.classicshow.com.br\/site\/wp-content\/uploads\/2017\/07\/ferrari-365-GTB-4_02.jpg 800w, https:\/\/www.classicshow.com.br\/site\/wp-content\/uploads\/2017\/07\/ferrari-365-GTB-4_02-300x167.jpg 300w, https:\/\/www.classicshow.com.br\/site\/wp-content\/uploads\/2017\/07\/ferrari-365-GTB-4_02-768x427.jpg 768w\" sizes=\"(max-width: 800px) 100vw, 800px\" \/><\/p>\n<p style=\"text-align: justify;\">A Silverstone Auctions leiloar\u00e1 o ve\u00edculo em agosto. Na cor \u201cRosso Chiaro\u201d com interior preto, A Ferrari fora entregue a seu primeiro dono no dia 03 de agosto de 1972, atrav\u00e9s da Maranello Concessionaires.<\/p>\n<p><img loading=\"lazy\" class=\"aligncenter size-full wp-image-9975\" src=\"http:\/\/www.classicshow.com.br\/site\/wp-content\/uploads\/2017\/07\/ferrari-365-GTB-4_03.jpg\" alt=\"\" width=\"800\" height=\"445\" srcset=\"https:\/\/www.classicshow.com.br\/site\/wp-content\/uploads\/2017\/07\/ferrari-365-GTB-4_03.jpg 800w, https:\/\/www.classicshow.com.br\/site\/wp-content\/uploads\/2017\/07\/ferrari-365-GTB-4_03-300x167.jpg 300w, https:\/\/www.classicshow.com.br\/site\/wp-content\/uploads\/2017\/07\/ferrari-365-GTB-4_03-768x427.jpg 768w\" sizes=\"(max-width: 800px) 100vw, 800px\" \/><\/p>\n<p style=\"text-align: justify;\">As informa\u00e7\u00f5es da Ferrari\u00a0365 GTB\/4 Daytona confirmam que Sir Elton John, um entusiasta da marca, fora propriet\u00e1rio do autom\u00f3vel de 1973 a 1975. O \u00faltimo colecionador a compr\u00e1-la ficou com a mesma por 16 anos.<\/p>\n<p><img loading=\"lazy\" class=\"aligncenter size-full wp-image-9977\" src=\"http:\/\/www.classicshow.com.br\/site\/wp-content\/uploads\/2017\/07\/ferrari-365-GTB-4_04.jpg\" alt=\"\" width=\"800\" height=\"445\" srcset=\"https:\/\/www.classicshow.com.br\/site\/wp-content\/uploads\/2017\/07\/ferrari-365-GTB-4_04.jpg 800w, https:\/\/www.classicshow.com.br\/site\/wp-content\/uploads\/2017\/07\/ferrari-365-GTB-4_04-300x167.jpg 300w, https:\/\/www.classicshow.com.br\/site\/wp-content\/uploads\/2017\/07\/ferrari-365-GTB-4_04-768x427.jpg 768w\" sizes=\"(max-width: 800px) 100vw, 800px\" \/><\/p>\n<p style=\"text-align: justify;\">A expectativa da organiza\u00e7\u00e3o \u00e9 de vender o ve\u00edculo de \u00a3 525,000 a \u00a3 575,000 (algo em torno de R$ 2.189.250,00 a R$ 2.397.750,00).<strong><em>\u00a0<\/em><\/strong><\/p>\n<p style=\"text-align: justify;\"><strong><em>Fonte\/fotos:<\/em><\/strong><a href=\"http:\/\/www.silverstoneauctions.com\"><em> www.silverstoneauctions.com<\/em><\/a><\/p>\n","protected":false},"excerpt":{"rendered":"<p>A Ferrari\u00a0365 GTB\/4 Daytona 1972, que pertenceu a Elton John, vai a leil\u00e3o no &#8220;The Silverstone Classic Sale 2017&#8220;, em agosto. Dois anos depois da Lamborghini conceber o seu Miura em meados de 1966, a Ferrari lan\u00e7aria um concorrente direto para o modelo, o 365 GTB \/ 4. Pelos resultados nas pistas, logo ganhou o [&hellip;]<\/p>\n","protected":false},"author":1,"featured_media":9979,"comment_status":"closed","ping_status":"closed","sticky":false,"template":"","format":"standard","meta":{"_links_to":"","_links_to_target":""},"categories":[4,27],"tags":[64,60,652,415,651,650,649],"yoast_head":"<!-- This site is optimized with the Yoast SEO plugin v19.3 - https:\/\/yoast.com\/wordpress\/plugins\/seo\/ -->\n<title>Ferrari Daytona de Elton John vai a leil\u00e3o em agosto<\/title>\n<meta name=\"description\" content=\"A Ferrari\u00a0365 GTB\/4 Daytona 1972, que pertenceu a Elton John, vai a leil\u00e3o no &quot;The Silverstone Classic Sale 2017&quot;, em agosto.\" \/>\n<meta name=\"robots\" content=\"index, follow, max-snippet:-1, max-image-preview:large, max-video-preview:-1\" \/>\n<link rel=\"canonical\" href=\"https:\/\/www.classicshow.com.br\/site\/ferrari-daytona-elton-john-vai-a-leilao\/\" \/>\n<meta property=\"og:locale\" content=\"pt_BR\" \/>\n<meta property=\"og:type\" content=\"article\" \/>\n<meta property=\"og:title\" content=\"Ferrari Daytona de Elton John vai a leil\u00e3o em agosto\" \/>\n<meta property=\"og:description\" content=\"A Ferrari\u00a0365 GTB\/4 Daytona 1972, que pertenceu a Elton John, vai a leil\u00e3o no &quot;The Silverstone Classic Sale 2017&quot;, em agosto.\" \/>\n<meta property=\"og:url\" content=\"https:\/\/www.classicshow.com.br\/site\/ferrari-daytona-elton-john-vai-a-leilao\/\" \/>\n<meta property=\"og:site_name\" content=\"Revista Classic Show, a sua revista de carros antigos\" \/>\n<meta property=\"article:publisher\" content=\"https:\/\/www.facebook.com\/classic.show.7\" \/>\n<meta property=\"article:published_time\" content=\"2017-07-11T18:35:02+00:00\" \/>\n<meta property=\"og:image\" content=\"https:\/\/www.classicshow.com.br\/site\/wp-content\/uploads\/2017\/07\/ferrari-365-GTB-4_00.jpg\" \/>\n\t<meta property=\"og:image:width\" content=\"800\" \/>\n\t<meta property=\"og:image:height\" content=\"445\" \/>\n\t<meta property=\"og:image:type\" content=\"image\/jpeg\" \/>\n<meta name=\"author\" content=\"Classic Show\" \/>\n<meta name=\"twitter:card\" content=\"summary_large_image\" \/>\n<meta name=\"twitter:creator\" content=\"@revista_cshow\" \/>\n<meta name=\"twitter:site\" content=\"@revista_cshow\" \/>\n<meta name=\"twitter:label1\" content=\"Escrito por\" \/>\n\t<meta name=\"twitter:data1\" content=\"Classic Show\" \/>\n\t<meta name=\"twitter:label2\" content=\"Est. tempo de leitura\" \/>\n\t<meta name=\"twitter:data2\" content=\"1 minuto\" \/>\n<script type=\"application\/ld+json\" class=\"yoast-schema-graph\">{\"@context\":\"https:\/\/schema.org\",\"@graph\":[{\"@type\":\"Organization\",\"@id\":\"https:\/\/www.classicshow.com.br\/site\/#organization\",\"name\":\"Revista Classic Show, a sua revista de carros antigos\",\"url\":\"https:\/\/www.classicshow.com.br\/site\/\",\"sameAs\":[\"https:\/\/www.youtube.com\/user\/ClassicShowM\",\"https:\/\/www.facebook.com\/classic.show.7\",\"https:\/\/twitter.com\/revista_cshow\"],\"logo\":{\"@type\":\"ImageObject\",\"inLanguage\":\"pt-BR\",\"@id\":\"https:\/\/www.classicshow.com.br\/site\/#\/schema\/logo\/image\/\",\"url\":\"https:\/\/www.classicshow.com.br\/site\/wp-content\/uploads\/2015\/09\/logo_cs.jpg\",\"contentUrl\":\"https:\/\/www.classicshow.com.br\/site\/wp-content\/uploads\/2015\/09\/logo_cs.jpg\",\"width\":339,\"height\":150,\"caption\":\"Revista Classic Show, a sua revista de carros antigos\"},\"image\":{\"@id\":\"https:\/\/www.classicshow.com.br\/site\/#\/schema\/logo\/image\/\"}},{\"@type\":\"WebSite\",\"@id\":\"https:\/\/www.classicshow.com.br\/site\/#website\",\"url\":\"https:\/\/www.classicshow.com.br\/site\/\",\"name\":\"Revista Classic Show, a sua revista de carros antigos\",\"description\":\"Fa\u00e7a sua assinatura! Aqui voc\u00ea encontra tudo sobre o universo dos carros antigos: mat\u00e9rias completas, encontros de carros antigos, livros especializados e muito mais!\",\"publisher\":{\"@id\":\"https:\/\/www.classicshow.com.br\/site\/#organization\"},\"potentialAction\":[{\"@type\":\"SearchAction\",\"target\":{\"@type\":\"EntryPoint\",\"urlTemplate\":\"https:\/\/www.classicshow.com.br\/site\/?s={search_term_string}\"},\"query-input\":\"required name=search_term_string\"}],\"inLanguage\":\"pt-BR\"},{\"@type\":\"ImageObject\",\"inLanguage\":\"pt-BR\",\"@id\":\"https:\/\/www.classicshow.com.br\/site\/ferrari-daytona-elton-john-vai-a-leilao\/#primaryimage\",\"url\":\"https:\/\/www.classicshow.com.br\/site\/wp-content\/uploads\/2017\/07\/ferrari-365-GTB-4_00.jpg\",\"contentUrl\":\"https:\/\/www.classicshow.com.br\/site\/wp-content\/uploads\/2017\/07\/ferrari-365-GTB-4_00.jpg\",\"width\":800,\"height\":445},{\"@type\":\"WebPage\",\"@id\":\"https:\/\/www.classicshow.com.br\/site\/ferrari-daytona-elton-john-vai-a-leilao\/\",\"url\":\"https:\/\/www.classicshow.com.br\/site\/ferrari-daytona-elton-john-vai-a-leilao\/\",\"name\":\"Ferrari Daytona de Elton John vai a leil\u00e3o em agosto\",\"isPartOf\":{\"@id\":\"https:\/\/www.classicshow.com.br\/site\/#website\"},\"primaryImageOfPage\":{\"@id\":\"https:\/\/www.classicshow.com.br\/site\/ferrari-daytona-elton-john-vai-a-leilao\/#primaryimage\"},\"datePublished\":\"2017-07-11T18:35:02+00:00\",\"dateModified\":\"2017-07-11T18:35:02+00:00\",\"description\":\"A Ferrari\u00a0365 GTB\/4 Daytona 1972, que pertenceu a Elton John, vai a leil\u00e3o no \\\"The Silverstone Classic Sale 2017\\\", em agosto.\",\"breadcrumb\":{\"@id\":\"https:\/\/www.classicshow.com.br\/site\/ferrari-daytona-elton-john-vai-a-leilao\/#breadcrumb\"},\"inLanguage\":\"pt-BR\",\"potentialAction\":[{\"@type\":\"ReadAction\",\"target\":[\"https:\/\/www.classicshow.com.br\/site\/ferrari-daytona-elton-john-vai-a-leilao\/\"]}]},{\"@type\":\"BreadcrumbList\",\"@id\":\"https:\/\/www.classicshow.com.br\/site\/ferrari-daytona-elton-john-vai-a-leilao\/#breadcrumb\",\"itemListElement\":[{\"@type\":\"ListItem\",\"position\":1,\"name\":\"In\u00edcio\",\"item\":\"https:\/\/www.classicshow.com.br\/site\/\"},{\"@type\":\"ListItem\",\"position\":2,\"name\":\"Ferrari Daytona de Elton John vai a leil\u00e3o em agosto\"}]},{\"@type\":\"Article\",\"@id\":\"https:\/\/www.classicshow.com.br\/site\/ferrari-daytona-elton-john-vai-a-leilao\/#article\",\"isPartOf\":{\"@id\":\"https:\/\/www.classicshow.com.br\/site\/ferrari-daytona-elton-john-vai-a-leilao\/\"},\"author\":{\"name\":\"Classic Show\",\"@id\":\"https:\/\/www.classicshow.com.br\/site\/#\/schema\/person\/8c54ff81f431cd672b14ca26e8c3eb09\"},\"headline\":\"Ferrari Daytona de Elton John vai a leil\u00e3o em agosto\",\"datePublished\":\"2017-07-11T18:35:02+00:00\",\"dateModified\":\"2017-07-11T18:35:02+00:00\",\"mainEntityOfPage\":{\"@id\":\"https:\/\/www.classicshow.com.br\/site\/ferrari-daytona-elton-john-vai-a-leilao\/\"},\"wordCount\":215,\"publisher\":{\"@id\":\"https:\/\/www.classicshow.com.br\/site\/#organization\"},\"image\":{\"@id\":\"https:\/\/www.classicshow.com.br\/site\/ferrari-daytona-elton-john-vai-a-leilao\/#primaryimage\"},\"thumbnailUrl\":\"https:\/\/www.classicshow.com.br\/site\/wp-content\/uploads\/2017\/07\/ferrari-365-GTB-4_00.jpg\",\"keywords\":[\"carro antigo\",\"carros antigos\",\"Elton John\",\"Ferrari\",\"Ferrari 365 GTB\/4 Daytona 1972\",\"Ferrari Daytona\",\"leil\u00e3o de carros antigos\"],\"articleSection\":[\"Blog\",\"Carro Antigo\"],\"inLanguage\":\"pt-BR\"},{\"@type\":\"Person\",\"@id\":\"https:\/\/www.classicshow.com.br\/site\/#\/schema\/person\/8c54ff81f431cd672b14ca26e8c3eb09\",\"name\":\"Classic Show\",\"image\":{\"@type\":\"ImageObject\",\"inLanguage\":\"pt-BR\",\"@id\":\"https:\/\/www.classicshow.com.br\/site\/#\/schema\/person\/image\/\",\"url\":\"https:\/\/secure.gravatar.com\/avatar\/fd6fb2d4e5bb8208867ace0b29c31fc9?s=96&d=mm&r=g\",\"contentUrl\":\"https:\/\/secure.gravatar.com\/avatar\/fd6fb2d4e5bb8208867ace0b29c31fc9?s=96&d=mm&r=g\",\"caption\":\"Classic Show\"},\"url\":\"https:\/\/www.classicshow.com.br\/site\/author\/classic-show\/\"}]}<\/script>\n<!-- \/ Yoast SEO plugin. -->","yoast_head_json":{"title":"Ferrari Daytona de Elton John vai a leil\u00e3o em agosto","description":"A Ferrari\u00a0365 GTB\/4 Daytona 1972, que pertenceu a Elton John, vai a leil\u00e3o no \"The Silverstone Classic Sale 2017\", em agosto.","robots":{"index":"index","follow":"follow","max-snippet":"max-snippet:-1","max-image-preview":"max-image-preview:large","max-video-preview":"max-video-preview:-1"},"canonical":"https:\/\/www.classicshow.com.br\/site\/ferrari-daytona-elton-john-vai-a-leilao\/","og_locale":"pt_BR","og_type":"article","og_title":"Ferrari Daytona de Elton John vai a leil\u00e3o em agosto","og_description":"A Ferrari\u00a0365 GTB\/4 Daytona 1972, que pertenceu a Elton John, vai a leil\u00e3o no \"The Silverstone Classic Sale 2017\", em agosto.","og_url":"https:\/\/www.classicshow.com.br\/site\/ferrari-daytona-elton-john-vai-a-leilao\/","og_site_name":"Revista Classic Show, a sua revista de carros antigos","article_publisher":"https:\/\/www.facebook.com\/classic.show.7","article_published_time":"2017-07-11T18:35:02+00:00","og_image":[{"width":800,"height":445,"url":"https:\/\/www.classicshow.com.br\/site\/wp-content\/uploads\/2017\/07\/ferrari-365-GTB-4_00.jpg","type":"image\/jpeg"}],"author":"Classic Show","twitter_card":"summary_large_image","twitter_creator":"@revista_cshow","twitter_site":"@revista_cshow","twitter_misc":{"Escrito por":"Classic Show","Est. tempo de leitura":"1 minuto"},"schema":{"@context":"https:\/\/schema.org","@graph":[{"@type":"Organization","@id":"https:\/\/www.classicshow.com.br\/site\/#organization","name":"Revista Classic Show, a sua revista de carros antigos","url":"https:\/\/www.classicshow.com.br\/site\/","sameAs":["https:\/\/www.youtube.com\/user\/ClassicShowM","https:\/\/www.facebook.com\/classic.show.7","https:\/\/twitter.com\/revista_cshow"],"logo":{"@type":"ImageObject","inLanguage":"pt-BR","@id":"https:\/\/www.classicshow.com.br\/site\/#\/schema\/logo\/image\/","url":"https:\/\/www.classicshow.com.br\/site\/wp-content\/uploads\/2015\/09\/logo_cs.jpg","contentUrl":"https:\/\/www.classicshow.com.br\/site\/wp-content\/uploads\/2015\/09\/logo_cs.jpg","width":339,"height":150,"caption":"Revista Classic Show, a sua revista de carros antigos"},"image":{"@id":"https:\/\/www.classicshow.com.br\/site\/#\/schema\/logo\/image\/"}},{"@type":"WebSite","@id":"https:\/\/www.classicshow.com.br\/site\/#website","url":"https:\/\/www.classicshow.com.br\/site\/","name":"Revista Classic Show, a sua revista de carros antigos","description":"Fa\u00e7a sua assinatura! Aqui voc\u00ea encontra tudo sobre o universo dos carros antigos: mat\u00e9rias completas, encontros de carros antigos, livros especializados e muito mais!","publisher":{"@id":"https:\/\/www.classicshow.com.br\/site\/#organization"},"potentialAction":[{"@type":"SearchAction","target":{"@type":"EntryPoint","urlTemplate":"https:\/\/www.classicshow.com.br\/site\/?s={search_term_string}"},"query-input":"required name=search_term_string"}],"inLanguage":"pt-BR"},{"@type":"ImageObject","inLanguage":"pt-BR","@id":"https:\/\/www.classicshow.com.br\/site\/ferrari-daytona-elton-john-vai-a-leilao\/#primaryimage","url":"https:\/\/www.classicshow.com.br\/site\/wp-content\/uploads\/2017\/07\/ferrari-365-GTB-4_00.jpg","contentUrl":"https:\/\/www.classicshow.com.br\/site\/wp-content\/uploads\/2017\/07\/ferrari-365-GTB-4_00.jpg","width":800,"height":445},{"@type":"WebPage","@id":"https:\/\/www.classicshow.com.br\/site\/ferrari-daytona-elton-john-vai-a-leilao\/","url":"https:\/\/www.classicshow.com.br\/site\/ferrari-daytona-elton-john-vai-a-leilao\/","name":"Ferrari Daytona de Elton John vai a leil\u00e3o em agosto","isPartOf":{"@id":"https:\/\/www.classicshow.com.br\/site\/#website"},"primaryImageOfPage":{"@id":"https:\/\/www.classicshow.com.br\/site\/ferrari-daytona-elton-john-vai-a-leilao\/#primaryimage"},"datePublished":"2017-07-11T18:35:02+00:00","dateModified":"2017-07-11T18:35:02+00:00","description":"A Ferrari\u00a0365 GTB\/4 Daytona 1972, que pertenceu a Elton John, vai a leil\u00e3o no \"The Silverstone Classic Sale 2017\", em agosto.","breadcrumb":{"@id":"https:\/\/www.classicshow.com.br\/site\/ferrari-daytona-elton-john-vai-a-leilao\/#breadcrumb"},"inLanguage":"pt-BR","potentialAction":[{"@type":"ReadAction","target":["https:\/\/www.classicshow.com.br\/site\/ferrari-daytona-elton-john-vai-a-leilao\/"]}]},{"@type":"BreadcrumbList","@id":"https:\/\/www.classicshow.com.br\/site\/ferrari-daytona-elton-john-vai-a-leilao\/#breadcrumb","itemListElement":[{"@type":"ListItem","position":1,"name":"In\u00edcio","item":"https:\/\/www.classicshow.com.br\/site\/"},{"@type":"ListItem","position":2,"name":"Ferrari Daytona de Elton John vai a leil\u00e3o em agosto"}]},{"@type":"Article","@id":"https:\/\/www.classicshow.com.br\/site\/ferrari-daytona-elton-john-vai-a-leilao\/#article","isPartOf":{"@id":"https:\/\/www.classicshow.com.br\/site\/ferrari-daytona-elton-john-vai-a-leilao\/"},"author":{"name":"Classic Show","@id":"https:\/\/www.classicshow.com.br\/site\/#\/schema\/person\/8c54ff81f431cd672b14ca26e8c3eb09"},"headline":"Ferrari Daytona de Elton John vai a leil\u00e3o em agosto","datePublished":"2017-07-11T18:35:02+00:00","dateModified":"2017-07-11T18:35:02+00:00","mainEntityOfPage":{"@id":"https:\/\/www.classicshow.com.br\/site\/ferrari-daytona-elton-john-vai-a-leilao\/"},"wordCount":215,"publisher":{"@id":"https:\/\/www.classicshow.com.br\/site\/#organization"},"image":{"@id":"https:\/\/www.classicshow.com.br\/site\/ferrari-daytona-elton-john-vai-a-leilao\/#primaryimage"},"thumbnailUrl":"https:\/\/www.classicshow.com.br\/site\/wp-content\/uploads\/2017\/07\/ferrari-365-GTB-4_00.jpg","keywords":["carro antigo","carros antigos","Elton John","Ferrari","Ferrari 365 GTB\/4 Daytona 1972","Ferrari Daytona","leil\u00e3o de carros antigos"],"articleSection":["Blog","Carro Antigo"],"inLanguage":"pt-BR"},{"@type":"Person","@id":"https:\/\/www.classicshow.com.br\/site\/#\/schema\/person\/8c54ff81f431cd672b14ca26e8c3eb09","name":"Classic Show","image":{"@type":"ImageObject","inLanguage":"pt-BR","@id":"https:\/\/www.classicshow.com.br\/site\/#\/schema\/person\/image\/","url":"https:\/\/secure.gravatar.com\/avatar\/fd6fb2d4e5bb8208867ace0b29c31fc9?s=96&d=mm&r=g","contentUrl":"https:\/\/secure.gravatar.com\/avatar\/fd6fb2d4e5bb8208867ace0b29c31fc9?s=96&d=mm&r=g","caption":"Classic Show"},"url":"https:\/\/www.classicshow.com.br\/site\/author\/classic-show\/"}]}},"_links":{"self":[{"href":"https:\/\/www.classicshow.com.br\/site\/wp-json\/wp\/v2\/posts\/9968"}],"collection":[{"href":"https:\/\/www.classicshow.com.br\/site\/wp-json\/wp\/v2\/posts"}],"about":[{"href":"https:\/\/www.classicshow.com.br\/site\/wp-json\/wp\/v2\/types\/post"}],"author":[{"embeddable":true,"href":"https:\/\/www.classicshow.com.br\/site\/wp-json\/wp\/v2\/users\/1"}],"replies":[{"embeddable":true,"href":"https:\/\/www.classicshow.com.br\/site\/wp-json\/wp\/v2\/comments?post=9968"}],"version-history":[{"count":6,"href":"https:\/\/www.classicshow.com.br\/site\/wp-json\/wp\/v2\/posts\/9968\/revisions"}],"predecessor-version":[{"id":9978,"href":"https:\/\/www.classicshow.com.br\/site\/wp-json\/wp\/v2\/posts\/9968\/revisions\/9978"}],"wp:featuredmedia":[{"embeddable":true,"href":"https:\/\/www.classicshow.com.br\/site\/wp-json\/wp\/v2\/media\/9979"}],"wp:attachment":[{"href":"https:\/\/www.classicshow.com.br\/site\/wp-json\/wp\/v2\/media?parent=9968"}],"wp:term":[{"taxonomy":"category","embeddable":true,"href":"https:\/\/www.classicshow.com.br\/site\/wp-json\/wp\/v2\/categories?post=9968"},{"taxonomy":"post_tag","embeddable":true,"href":"https:\/\/www.classicshow.com.br\/site\/wp-json\/wp\/v2\/tags?post=9968"}],"curies":[{"name":"wp","href":"https:\/\/api.w.org\/{rel}","templated":true}]}}