{"id":5351,"date":"2016-01-11T13:10:11","date_gmt":"2016-01-11T16:10:11","guid":{"rendered":"http:\/\/www.classicshow.com.br\/site\/?p=5351"},"modified":"2016-01-11T13:13:51","modified_gmt":"2016-01-11T16:13:51","slug":"vw-apresenta-a-kombi-do-futuro","status":"publish","type":"post","link":"https:\/\/www.classicshow.com.br\/site\/vw-apresenta-a-kombi-do-futuro\/","title":{"rendered":"VW apresenta a &#8220;Kombi&#8221; do futuro"},"content":{"rendered":"<p style=\"text-align: justify;\">Na abertura da <strong><a href=\"https:\/\/www.cesweb.org\/\" target=\"_blank\">CES<\/a><\/strong> (<strong>Consumer Eletronic Show<\/strong>) 2016, um evento mundialmente famoso onde tecnologias futur\u00edsticas s\u00e3o apresentadas,\u00a0realizado em Las Vegas todos os anos, e que tem servido como campo de provas para as inova\u00e7\u00f5es tecnol\u00f3gicas\u00a0por mais de 40 anos, onde as tecnologias da\u00a0pr\u00f3xima gera\u00e7\u00e3o s\u00e3o introduzidos para o mercado, a <strong>Volkswagen<\/strong> apresentou um conceito de van el\u00e9trica chamado <strong>Budd-e<\/strong>. O modelo apresentado \u00e9 considerado como a reencarna\u00e7\u00e3o da <strong>Kombi<\/strong>, devido a alguns tra\u00e7os semelhantes, sucesso da montadora principalmente entre as d\u00e9cadas de 50 e 80.<\/p>\n<p style=\"text-align: justify;\"><a href=\"http:\/\/www.classicshow.com.br\/site\/wp-content\/uploads\/2016\/01\/carrosantigos_budde-01.jpg\" data-rel=\"lightbox-image-0\" data-rl_title=\"\" data-rl_caption=\"\" title=\"\"><img loading=\"lazy\" class=\"alignnone size-full wp-image-5354\" src=\"http:\/\/www.classicshow.com.br\/site\/wp-content\/uploads\/2016\/01\/carrosantigos_budde-01.jpg\" alt=\"carrosantigos_budde-01\" width=\"800\" height=\"445\" srcset=\"https:\/\/www.classicshow.com.br\/site\/wp-content\/uploads\/2016\/01\/carrosantigos_budde-01.jpg 800w, https:\/\/www.classicshow.com.br\/site\/wp-content\/uploads\/2016\/01\/carrosantigos_budde-01-300x167.jpg 300w\" sizes=\"(max-width: 800px) 100vw, 800px\" \/><\/a><\/p>\n<p style=\"text-align: justify;\">Leia mais sobre a Kombi <strong><a href=\"http:\/\/www.classicshow.com.br\/site\/kombi-a-historia\/\" target=\"_blank\">clicando AQUI<\/a><\/strong>.<\/p>\n<p style=\"text-align: justify;\">O ve\u00edculo, alimentado por dois motores el\u00e9tricos, possui uma\u00a0exclusiva plataforma espec\u00edfica para carros desse tipo\u00a0(plug-in &#8211; MEB) e autonomia de quase\u00a0600 km. Na dianteira, o propulsor disp\u00f5e de 149 cavalos (110 KW), j\u00e1 o traseiro\u00a0vir\u00e1 com 170 cv (125 KW). S\u00e3o no total 319 cv.\u00a0Juntos, os motores podem levar o\u00a0<b>Budd-e <\/b>para quase 180 km\/h e chegar aos 100 km\/h em 6,9 segundos.<\/p>\n<p style=\"text-align: justify;\"><a href=\"http:\/\/classicshow.lojavirtualfc.com.br\/prod,idloja,14163,idproduto,2199063,assinaturas-assinatura-da-revista-classic-show\" target=\"_blank\"><img loading=\"lazy\" class=\"size-full wp-image-5088 aligncenter\" src=\"http:\/\/www.classicshow.com.br\/site\/wp-content\/uploads\/2015\/12\/banner_assinatura.jpg\" alt=\"banner_assinatura\" width=\"728\" height=\"90\" srcset=\"https:\/\/www.classicshow.com.br\/site\/wp-content\/uploads\/2015\/12\/banner_assinatura.jpg 728w, https:\/\/www.classicshow.com.br\/site\/wp-content\/uploads\/2015\/12\/banner_assinatura-300x37.jpg 300w\" sizes=\"(max-width: 728px) 100vw, 728px\" \/><\/a><\/p>\n<p style=\"text-align: justify;\">A dianteira traz uma enorme grade que se prolonga at\u00e9 a lateral, com linhas de cintura alta, aus\u00eancia de espelhos retrovisores externos e ma\u00e7anetas.\u00a0As lanternas e os far\u00f3is s\u00e3o em LED, bem como as rodas de 21 polegadas e a carroceria em duas cores configuram a est\u00e9tica do <b>Budd-e<\/b>.<\/p>\n<p style=\"text-align: justify;\"><a href=\"http:\/\/www.classicshow.com.br\/site\/wp-content\/uploads\/2016\/01\/carrosantigos_budde-03.jpg\" data-rel=\"lightbox-image-1\" data-rl_title=\"\" data-rl_caption=\"\" title=\"\"><img loading=\"lazy\" class=\"alignnone size-full wp-image-5356\" src=\"http:\/\/www.classicshow.com.br\/site\/wp-content\/uploads\/2016\/01\/carrosantigos_budde-03.jpg\" alt=\"carrosantigos_budde-03\" width=\"800\" height=\"445\" srcset=\"https:\/\/www.classicshow.com.br\/site\/wp-content\/uploads\/2016\/01\/carrosantigos_budde-03.jpg 800w, https:\/\/www.classicshow.com.br\/site\/wp-content\/uploads\/2016\/01\/carrosantigos_budde-03-300x167.jpg 300w\" sizes=\"(max-width: 800px) 100vw, 800px\" \/><\/a><\/p>\n<p style=\"text-align: justify;\">O interior, conforme fotos do projeto, \u00e9 extremamente tecnol\u00f3gico, e a abertura das portas \u00e9 feita por um geso de m\u00e3o em frente ao sensor.\u00a0Bot\u00f5es e alavancas j\u00e1 n\u00e3o existem mais, no lugar uma grande tela multifuncional acionada pelos gestos das m\u00e3os assume tais fun\u00e7\u00f5es. H\u00e1 ainda mais dois monitores presentes no interior do <b>Budd-e<\/b>.<\/p>\n<p style=\"text-align: justify;\"><a href=\"http:\/\/www.classicshow.com.br\/site\/wp-content\/uploads\/2016\/01\/carrosantigos_budde-04.jpg\" data-rel=\"lightbox-image-2\" data-rl_title=\"\" data-rl_caption=\"\" title=\"\"><img loading=\"lazy\" class=\"alignnone size-full wp-image-5357\" src=\"http:\/\/www.classicshow.com.br\/site\/wp-content\/uploads\/2016\/01\/carrosantigos_budde-04.jpg\" alt=\"carrosantigos_budde-04\" width=\"800\" height=\"445\" srcset=\"https:\/\/www.classicshow.com.br\/site\/wp-content\/uploads\/2016\/01\/carrosantigos_budde-04.jpg 800w, https:\/\/www.classicshow.com.br\/site\/wp-content\/uploads\/2016\/01\/carrosantigos_budde-04-300x167.jpg 300w\" sizes=\"(max-width: 800px) 100vw, 800px\" \/><\/a><\/p>\n<p style=\"text-align: justify;\">Apesar de nada confirmado, especula-se que a marca introduza o modelo j\u00e1 em 2017.<\/p>\n<p style=\"text-align: justify;\"><strong>Fonte:<\/strong> <a href=\"http:\/\/noticias.r7.com\/carros\/fotos\/vw-mostra-van-eletrica-que-pode-ressuscitar-a-kombi-06012016\" target=\"_blank\">Portal R7<\/a><\/p>\n","protected":false},"excerpt":{"rendered":"<p>Na abertura da CES (Consumer Eletronic Show) 2016, um evento mundialmente famoso onde tecnologias futur\u00edsticas s\u00e3o apresentadas,\u00a0realizado em Las Vegas todos os anos, e que tem servido como campo de provas para as inova\u00e7\u00f5es tecnol\u00f3gicas\u00a0por mais de 40 anos, onde as tecnologias da\u00a0pr\u00f3xima gera\u00e7\u00e3o s\u00e3o introduzidos para o mercado, a Volkswagen apresentou um conceito de [&hellip;]<\/p>\n","protected":false},"author":1,"featured_media":5353,"comment_status":"open","ping_status":"open","sticky":false,"template":"","format":"standard","meta":{"_links_to":"","_links_to_target":""},"categories":[4],"tags":[64,60,90,81],"yoast_head":"<!-- This site is optimized with the Yoast SEO plugin v19.3 - https:\/\/yoast.com\/wordpress\/plugins\/seo\/ -->\n<title>VW apresenta a &quot;Kombi&quot; do futuro<\/title>\n<meta name=\"description\" content=\"Na abertura da\u00a0CES\u00a0(Consumer Eletronic Show) 2016,\u00a0a\u00a0Volkswagen\u00a0apresentou um conceito de van el\u00e9trica chamado\u00a0Budd-e que pode ser a reencarna\u00e7\u00e3o da Kombi.\" \/>\n<meta name=\"robots\" content=\"index, follow, max-snippet:-1, max-image-preview:large, max-video-preview:-1\" \/>\n<link rel=\"canonical\" href=\"https:\/\/www.classicshow.com.br\/site\/vw-apresenta-a-kombi-do-futuro\/\" \/>\n<meta property=\"og:locale\" content=\"pt_BR\" \/>\n<meta property=\"og:type\" content=\"article\" \/>\n<meta property=\"og:title\" content=\"VW apresenta a &quot;Kombi&quot; do futuro\" \/>\n<meta property=\"og:description\" content=\"Na abertura da CES (Consumer Eletronic Show) 2016, a Volkswagen apresentou um conceito de van el\u00e9trica chamado Budd-e que pode ser a reencarna\u00e7\u00e3o da Kombi.\" \/>\n<meta property=\"og:url\" content=\"https:\/\/www.classicshow.com.br\/site\/vw-apresenta-a-kombi-do-futuro\/\" \/>\n<meta property=\"og:site_name\" content=\"Revista Classic Show, a sua revista de carros antigos\" \/>\n<meta property=\"article:publisher\" content=\"https:\/\/www.facebook.com\/classic.show.7\" \/>\n<meta property=\"article:published_time\" content=\"2016-01-11T16:10:11+00:00\" \/>\n<meta property=\"article:modified_time\" content=\"2016-01-11T16:13:51+00:00\" \/>\n<meta property=\"og:image\" content=\"https:\/\/www.classicshow.com.br\/site\/wp-content\/uploads\/2016\/01\/carrosantigos_budde-00.jpg\" \/>\n\t<meta property=\"og:image:width\" content=\"800\" \/>\n\t<meta property=\"og:image:height\" content=\"445\" \/>\n\t<meta property=\"og:image:type\" content=\"image\/jpeg\" \/>\n<meta name=\"author\" content=\"Classic Show\" \/>\n<meta name=\"twitter:card\" content=\"summary_large_image\" \/>\n<meta name=\"twitter:creator\" content=\"@revista_cshow\" \/>\n<meta name=\"twitter:site\" content=\"@revista_cshow\" \/>\n<meta name=\"twitter:label1\" content=\"Escrito por\" \/>\n\t<meta name=\"twitter:data1\" content=\"Classic Show\" \/>\n\t<meta name=\"twitter:label2\" content=\"Est. tempo de leitura\" \/>\n\t<meta name=\"twitter:data2\" content=\"1 minuto\" \/>\n<script type=\"application\/ld+json\" class=\"yoast-schema-graph\">{\"@context\":\"https:\/\/schema.org\",\"@graph\":[{\"@type\":\"Organization\",\"@id\":\"https:\/\/www.classicshow.com.br\/site\/#organization\",\"name\":\"Revista Classic Show, a sua revista de carros antigos\",\"url\":\"https:\/\/www.classicshow.com.br\/site\/\",\"sameAs\":[\"https:\/\/www.youtube.com\/user\/ClassicShowM\",\"https:\/\/www.facebook.com\/classic.show.7\",\"https:\/\/twitter.com\/revista_cshow\"],\"logo\":{\"@type\":\"ImageObject\",\"inLanguage\":\"pt-BR\",\"@id\":\"https:\/\/www.classicshow.com.br\/site\/#\/schema\/logo\/image\/\",\"url\":\"https:\/\/www.classicshow.com.br\/site\/wp-content\/uploads\/2015\/09\/logo_cs.jpg\",\"contentUrl\":\"https:\/\/www.classicshow.com.br\/site\/wp-content\/uploads\/2015\/09\/logo_cs.jpg\",\"width\":339,\"height\":150,\"caption\":\"Revista Classic Show, a sua revista de carros antigos\"},\"image\":{\"@id\":\"https:\/\/www.classicshow.com.br\/site\/#\/schema\/logo\/image\/\"}},{\"@type\":\"WebSite\",\"@id\":\"https:\/\/www.classicshow.com.br\/site\/#website\",\"url\":\"https:\/\/www.classicshow.com.br\/site\/\",\"name\":\"Revista Classic Show, a sua revista de carros antigos\",\"description\":\"Fa\u00e7a sua assinatura! Aqui voc\u00ea encontra tudo sobre o universo dos carros antigos: mat\u00e9rias completas, encontros de carros antigos, livros especializados e muito mais!\",\"publisher\":{\"@id\":\"https:\/\/www.classicshow.com.br\/site\/#organization\"},\"potentialAction\":[{\"@type\":\"SearchAction\",\"target\":{\"@type\":\"EntryPoint\",\"urlTemplate\":\"https:\/\/www.classicshow.com.br\/site\/?s={search_term_string}\"},\"query-input\":\"required name=search_term_string\"}],\"inLanguage\":\"pt-BR\"},{\"@type\":\"ImageObject\",\"inLanguage\":\"pt-BR\",\"@id\":\"https:\/\/www.classicshow.com.br\/site\/vw-apresenta-a-kombi-do-futuro\/#primaryimage\",\"url\":\"https:\/\/www.classicshow.com.br\/site\/wp-content\/uploads\/2016\/01\/carrosantigos_budde-00.jpg\",\"contentUrl\":\"https:\/\/www.classicshow.com.br\/site\/wp-content\/uploads\/2016\/01\/carrosantigos_budde-00.jpg\",\"width\":800,\"height\":445},{\"@type\":\"WebPage\",\"@id\":\"https:\/\/www.classicshow.com.br\/site\/vw-apresenta-a-kombi-do-futuro\/\",\"url\":\"https:\/\/www.classicshow.com.br\/site\/vw-apresenta-a-kombi-do-futuro\/\",\"name\":\"VW apresenta a \\\"Kombi\\\" do futuro\",\"isPartOf\":{\"@id\":\"https:\/\/www.classicshow.com.br\/site\/#website\"},\"primaryImageOfPage\":{\"@id\":\"https:\/\/www.classicshow.com.br\/site\/vw-apresenta-a-kombi-do-futuro\/#primaryimage\"},\"datePublished\":\"2016-01-11T16:10:11+00:00\",\"dateModified\":\"2016-01-11T16:13:51+00:00\",\"description\":\"Na abertura da\u00a0CES\u00a0(Consumer Eletronic Show) 2016,\u00a0a\u00a0Volkswagen\u00a0apresentou um conceito de van el\u00e9trica chamado\u00a0Budd-e que pode ser a reencarna\u00e7\u00e3o da Kombi.\",\"breadcrumb\":{\"@id\":\"https:\/\/www.classicshow.com.br\/site\/vw-apresenta-a-kombi-do-futuro\/#breadcrumb\"},\"inLanguage\":\"pt-BR\",\"potentialAction\":[{\"@type\":\"ReadAction\",\"target\":[\"https:\/\/www.classicshow.com.br\/site\/vw-apresenta-a-kombi-do-futuro\/\"]}]},{\"@type\":\"BreadcrumbList\",\"@id\":\"https:\/\/www.classicshow.com.br\/site\/vw-apresenta-a-kombi-do-futuro\/#breadcrumb\",\"itemListElement\":[{\"@type\":\"ListItem\",\"position\":1,\"name\":\"In\u00edcio\",\"item\":\"https:\/\/www.classicshow.com.br\/site\/\"},{\"@type\":\"ListItem\",\"position\":2,\"name\":\"VW apresenta a &#8220;Kombi&#8221; do futuro\"}]},{\"@type\":\"Article\",\"@id\":\"https:\/\/www.classicshow.com.br\/site\/vw-apresenta-a-kombi-do-futuro\/#article\",\"isPartOf\":{\"@id\":\"https:\/\/www.classicshow.com.br\/site\/vw-apresenta-a-kombi-do-futuro\/\"},\"author\":{\"name\":\"Classic Show\",\"@id\":\"https:\/\/www.classicshow.com.br\/site\/#\/schema\/person\/8c54ff81f431cd672b14ca26e8c3eb09\"},\"headline\":\"VW apresenta a &#8220;Kombi&#8221; do futuro\",\"datePublished\":\"2016-01-11T16:10:11+00:00\",\"dateModified\":\"2016-01-11T16:13:51+00:00\",\"mainEntityOfPage\":{\"@id\":\"https:\/\/www.classicshow.com.br\/site\/vw-apresenta-a-kombi-do-futuro\/\"},\"wordCount\":303,\"commentCount\":1,\"publisher\":{\"@id\":\"https:\/\/www.classicshow.com.br\/site\/#organization\"},\"image\":{\"@id\":\"https:\/\/www.classicshow.com.br\/site\/vw-apresenta-a-kombi-do-futuro\/#primaryimage\"},\"thumbnailUrl\":\"https:\/\/www.classicshow.com.br\/site\/wp-content\/uploads\/2016\/01\/carrosantigos_budde-00.jpg\",\"keywords\":[\"carro antigo\",\"carros antigos\",\"Kombi\",\"volkswagen\"],\"articleSection\":[\"Blog\"],\"inLanguage\":\"pt-BR\"},{\"@type\":\"Person\",\"@id\":\"https:\/\/www.classicshow.com.br\/site\/#\/schema\/person\/8c54ff81f431cd672b14ca26e8c3eb09\",\"name\":\"Classic Show\",\"image\":{\"@type\":\"ImageObject\",\"inLanguage\":\"pt-BR\",\"@id\":\"https:\/\/www.classicshow.com.br\/site\/#\/schema\/person\/image\/\",\"url\":\"https:\/\/secure.gravatar.com\/avatar\/fd6fb2d4e5bb8208867ace0b29c31fc9?s=96&d=mm&r=g\",\"contentUrl\":\"https:\/\/secure.gravatar.com\/avatar\/fd6fb2d4e5bb8208867ace0b29c31fc9?s=96&d=mm&r=g\",\"caption\":\"Classic Show\"},\"url\":\"https:\/\/www.classicshow.com.br\/site\/author\/classic-show\/\"}]}<\/script>\n<!-- \/ Yoast SEO plugin. -->","yoast_head_json":{"title":"VW apresenta a \"Kombi\" do futuro","description":"Na abertura da\u00a0CES\u00a0(Consumer Eletronic Show) 2016,\u00a0a\u00a0Volkswagen\u00a0apresentou um conceito de van el\u00e9trica chamado\u00a0Budd-e que pode ser a reencarna\u00e7\u00e3o da Kombi.","robots":{"index":"index","follow":"follow","max-snippet":"max-snippet:-1","max-image-preview":"max-image-preview:large","max-video-preview":"max-video-preview:-1"},"canonical":"https:\/\/www.classicshow.com.br\/site\/vw-apresenta-a-kombi-do-futuro\/","og_locale":"pt_BR","og_type":"article","og_title":"VW apresenta a \"Kombi\" do futuro","og_description":"Na abertura da CES (Consumer Eletronic Show) 2016, a Volkswagen apresentou um conceito de van el\u00e9trica chamado Budd-e que pode ser a reencarna\u00e7\u00e3o da Kombi.","og_url":"https:\/\/www.classicshow.com.br\/site\/vw-apresenta-a-kombi-do-futuro\/","og_site_name":"Revista Classic Show, a sua revista de carros antigos","article_publisher":"https:\/\/www.facebook.com\/classic.show.7","article_published_time":"2016-01-11T16:10:11+00:00","article_modified_time":"2016-01-11T16:13:51+00:00","og_image":[{"width":800,"height":445,"url":"https:\/\/www.classicshow.com.br\/site\/wp-content\/uploads\/2016\/01\/carrosantigos_budde-00.jpg","type":"image\/jpeg"}],"author":"Classic Show","twitter_card":"summary_large_image","twitter_creator":"@revista_cshow","twitter_site":"@revista_cshow","twitter_misc":{"Escrito por":"Classic Show","Est. tempo de leitura":"1 minuto"},"schema":{"@context":"https:\/\/schema.org","@graph":[{"@type":"Organization","@id":"https:\/\/www.classicshow.com.br\/site\/#organization","name":"Revista Classic Show, a sua revista de carros antigos","url":"https:\/\/www.classicshow.com.br\/site\/","sameAs":["https:\/\/www.youtube.com\/user\/ClassicShowM","https:\/\/www.facebook.com\/classic.show.7","https:\/\/twitter.com\/revista_cshow"],"logo":{"@type":"ImageObject","inLanguage":"pt-BR","@id":"https:\/\/www.classicshow.com.br\/site\/#\/schema\/logo\/image\/","url":"https:\/\/www.classicshow.com.br\/site\/wp-content\/uploads\/2015\/09\/logo_cs.jpg","contentUrl":"https:\/\/www.classicshow.com.br\/site\/wp-content\/uploads\/2015\/09\/logo_cs.jpg","width":339,"height":150,"caption":"Revista Classic Show, a sua revista de carros antigos"},"image":{"@id":"https:\/\/www.classicshow.com.br\/site\/#\/schema\/logo\/image\/"}},{"@type":"WebSite","@id":"https:\/\/www.classicshow.com.br\/site\/#website","url":"https:\/\/www.classicshow.com.br\/site\/","name":"Revista Classic Show, a sua revista de carros antigos","description":"Fa\u00e7a sua assinatura! Aqui voc\u00ea encontra tudo sobre o universo dos carros antigos: mat\u00e9rias completas, encontros de carros antigos, livros especializados e muito mais!","publisher":{"@id":"https:\/\/www.classicshow.com.br\/site\/#organization"},"potentialAction":[{"@type":"SearchAction","target":{"@type":"EntryPoint","urlTemplate":"https:\/\/www.classicshow.com.br\/site\/?s={search_term_string}"},"query-input":"required name=search_term_string"}],"inLanguage":"pt-BR"},{"@type":"ImageObject","inLanguage":"pt-BR","@id":"https:\/\/www.classicshow.com.br\/site\/vw-apresenta-a-kombi-do-futuro\/#primaryimage","url":"https:\/\/www.classicshow.com.br\/site\/wp-content\/uploads\/2016\/01\/carrosantigos_budde-00.jpg","contentUrl":"https:\/\/www.classicshow.com.br\/site\/wp-content\/uploads\/2016\/01\/carrosantigos_budde-00.jpg","width":800,"height":445},{"@type":"WebPage","@id":"https:\/\/www.classicshow.com.br\/site\/vw-apresenta-a-kombi-do-futuro\/","url":"https:\/\/www.classicshow.com.br\/site\/vw-apresenta-a-kombi-do-futuro\/","name":"VW apresenta a \"Kombi\" do futuro","isPartOf":{"@id":"https:\/\/www.classicshow.com.br\/site\/#website"},"primaryImageOfPage":{"@id":"https:\/\/www.classicshow.com.br\/site\/vw-apresenta-a-kombi-do-futuro\/#primaryimage"},"datePublished":"2016-01-11T16:10:11+00:00","dateModified":"2016-01-11T16:13:51+00:00","description":"Na abertura da\u00a0CES\u00a0(Consumer Eletronic Show) 2016,\u00a0a\u00a0Volkswagen\u00a0apresentou um conceito de van el\u00e9trica chamado\u00a0Budd-e que pode ser a reencarna\u00e7\u00e3o da Kombi.","breadcrumb":{"@id":"https:\/\/www.classicshow.com.br\/site\/vw-apresenta-a-kombi-do-futuro\/#breadcrumb"},"inLanguage":"pt-BR","potentialAction":[{"@type":"ReadAction","target":["https:\/\/www.classicshow.com.br\/site\/vw-apresenta-a-kombi-do-futuro\/"]}]},{"@type":"BreadcrumbList","@id":"https:\/\/www.classicshow.com.br\/site\/vw-apresenta-a-kombi-do-futuro\/#breadcrumb","itemListElement":[{"@type":"ListItem","position":1,"name":"In\u00edcio","item":"https:\/\/www.classicshow.com.br\/site\/"},{"@type":"ListItem","position":2,"name":"VW apresenta a &#8220;Kombi&#8221; do futuro"}]},{"@type":"Article","@id":"https:\/\/www.classicshow.com.br\/site\/vw-apresenta-a-kombi-do-futuro\/#article","isPartOf":{"@id":"https:\/\/www.classicshow.com.br\/site\/vw-apresenta-a-kombi-do-futuro\/"},"author":{"name":"Classic Show","@id":"https:\/\/www.classicshow.com.br\/site\/#\/schema\/person\/8c54ff81f431cd672b14ca26e8c3eb09"},"headline":"VW apresenta a &#8220;Kombi&#8221; do futuro","datePublished":"2016-01-11T16:10:11+00:00","dateModified":"2016-01-11T16:13:51+00:00","mainEntityOfPage":{"@id":"https:\/\/www.classicshow.com.br\/site\/vw-apresenta-a-kombi-do-futuro\/"},"wordCount":303,"commentCount":1,"publisher":{"@id":"https:\/\/www.classicshow.com.br\/site\/#organization"},"image":{"@id":"https:\/\/www.classicshow.com.br\/site\/vw-apresenta-a-kombi-do-futuro\/#primaryimage"},"thumbnailUrl":"https:\/\/www.classicshow.com.br\/site\/wp-content\/uploads\/2016\/01\/carrosantigos_budde-00.jpg","keywords":["carro antigo","carros antigos","Kombi","volkswagen"],"articleSection":["Blog"],"inLanguage":"pt-BR"},{"@type":"Person","@id":"https:\/\/www.classicshow.com.br\/site\/#\/schema\/person\/8c54ff81f431cd672b14ca26e8c3eb09","name":"Classic Show","image":{"@type":"ImageObject","inLanguage":"pt-BR","@id":"https:\/\/www.classicshow.com.br\/site\/#\/schema\/person\/image\/","url":"https:\/\/secure.gravatar.com\/avatar\/fd6fb2d4e5bb8208867ace0b29c31fc9?s=96&d=mm&r=g","contentUrl":"https:\/\/secure.gravatar.com\/avatar\/fd6fb2d4e5bb8208867ace0b29c31fc9?s=96&d=mm&r=g","caption":"Classic Show"},"url":"https:\/\/www.classicshow.com.br\/site\/author\/classic-show\/"}]}},"_links":{"self":[{"href":"https:\/\/www.classicshow.com.br\/site\/wp-json\/wp\/v2\/posts\/5351"}],"collection":[{"href":"https:\/\/www.classicshow.com.br\/site\/wp-json\/wp\/v2\/posts"}],"about":[{"href":"https:\/\/www.classicshow.com.br\/site\/wp-json\/wp\/v2\/types\/post"}],"author":[{"embeddable":true,"href":"https:\/\/www.classicshow.com.br\/site\/wp-json\/wp\/v2\/users\/1"}],"replies":[{"embeddable":true,"href":"https:\/\/www.classicshow.com.br\/site\/wp-json\/wp\/v2\/comments?post=5351"}],"version-history":[{"count":6,"href":"https:\/\/www.classicshow.com.br\/site\/wp-json\/wp\/v2\/posts\/5351\/revisions"}],"predecessor-version":[{"id":5365,"href":"https:\/\/www.classicshow.com.br\/site\/wp-json\/wp\/v2\/posts\/5351\/revisions\/5365"}],"wp:featuredmedia":[{"embeddable":true,"href":"https:\/\/www.classicshow.com.br\/site\/wp-json\/wp\/v2\/media\/5353"}],"wp:attachment":[{"href":"https:\/\/www.classicshow.com.br\/site\/wp-json\/wp\/v2\/media?parent=5351"}],"wp:term":[{"taxonomy":"category","embeddable":true,"href":"https:\/\/www.classicshow.com.br\/site\/wp-json\/wp\/v2\/categories?post=5351"},{"taxonomy":"post_tag","embeddable":true,"href":"https:\/\/www.classicshow.com.br\/site\/wp-json\/wp\/v2\/tags?post=5351"}],"curies":[{"name":"wp","href":"https:\/\/api.w.org\/{rel}","templated":true}]}}