{"id":4351,"date":"2015-10-20T07:47:12","date_gmt":"2015-10-20T10:47:12","guid":{"rendered":"http:\/\/www.classicshow.com.br\/site\/?p=4351"},"modified":"2015-10-20T07:47:12","modified_gmt":"2015-10-20T10:47:12","slug":"edicao-20-o-recordista-dos-lagos-de-sal","status":"publish","type":"post","link":"https:\/\/www.classicshow.com.br\/site\/edicao-20-o-recordista-dos-lagos-de-sal\/","title":{"rendered":"Edi\u00e7\u00e3o 20: O Recordista dos Lagos de Sal"},"content":{"rendered":"<p style=\"text-align: justify;\">Ge Ferreira, nosso correspondente do oeste americano, foi visitar um \u00edcone do automobilismo norte-americano, o\u00a0<strong>Duesemberg SJ Speedster<\/strong>, um ve\u00edculo que batera o recorde mundial de velocidade cont\u00ednua.\u00a0Voc\u00ea pode conferir essa reportagem na edi\u00e7\u00e3o 20 da Revista Classic Show, p\u00e1gina 74.<\/p>\n<p><a href=\"http:\/\/classicshow.lojavirtualfc.com.br\/listaprodutos.asp?IDLoja=14163&amp;IDProduto=2197278&amp;q=classic-show---n-020\"><img loading=\"lazy\" class=\"alignnone aligncenter\" src=\"http:\/\/classicshow.lojavirtualfc.com.br\/lojas\/00014163\/prod\/cs_20_200.jpg\" alt=\"\" width=\"200\" height=\"234\" \/><\/a><\/p>\n<h6 style=\"text-align: center;\">Em nossa Loja Virtual<\/h6>\n<p style=\"text-align: justify;\"><a href=\"http:\/\/classicshow.lojavirtualfc.com.br\/listaprodutos.asp?IDLoja=14163&amp;IDProduto=2197278&amp;q=classic-show---n-020\" target=\"_blank\"><img loading=\"lazy\" class=\"aligncenter wp-image-294 size-full\" src=\"http:\/\/www.classicshow.com.br\/site\/wp-content\/uploads\/2015\/09\/botao-comprar.jpg\" alt=\"Clique aqui para COMPRAR!\" width=\"179\" height=\"54\" \/><\/a><\/p>\n<p style=\"text-align: justify;\"><strong>Nesta edi\u00e7\u00e3o da Revista Classic Show voc\u00ea vai encontrar:<\/strong><\/p>\n<p style=\"text-align: justify;\">\n&#8211; VW SP-2: Classico Nacional;<br \/>\n&#8211; R\u00e9plica: A Classe de um Chamonix;<br \/>\n&#8211; Woodie: Um Homen e seu sonho;<br \/>\n&#8211; Simca: Uma Incrivel Cole\u00e7\u00e3o;<br \/>\n&#8211; Marx: Paix\u00e3o de Pai para Filho;<br \/>\n&#8211; Restaura\u00e7\u00e3o: Conheca a V8 Studi;<br \/>\n&#8211; Notas e Dicas;<br \/>\n&#8211; Cartas;<br \/>\n&#8211; Encontros.<\/p>\n<p style=\"text-align: justify;\">E muito mais!<\/p>\n","protected":false},"excerpt":{"rendered":"<p>Ge Ferreira, nosso correspondente do oeste americano, foi visitar um \u00edcone do automobilismo norte-americano, o\u00a0Duesemberg SJ Speedster, um ve\u00edculo que batera o recorde mundial de velocidade cont\u00ednua.\u00a0Voc\u00ea pode conferir essa reportagem na edi\u00e7\u00e3o 20 da Revista Classic Show, p\u00e1gina 74. Em nossa Loja Virtual Nesta edi\u00e7\u00e3o da Revista Classic Show voc\u00ea vai encontrar: &#8211; VW [&hellip;]<\/p>\n","protected":false},"author":1,"featured_media":4352,"comment_status":"open","ping_status":"open","sticky":false,"template":"","format":"standard","meta":{"_links_to":"","_links_to_target":""},"categories":[7],"tags":[],"yoast_head":"<!-- This site is optimized with the Yoast SEO plugin v19.3 - https:\/\/yoast.com\/wordpress\/plugins\/seo\/ -->\n<title>Edi\u00e7\u00e3o 20: O Recordista dos Lagos de Sal - Revista Classic Show, a sua revista de carros antigos<\/title>\n<meta name=\"robots\" content=\"index, follow, max-snippet:-1, max-image-preview:large, max-video-preview:-1\" \/>\n<link rel=\"canonical\" href=\"https:\/\/www.classicshow.com.br\/site\/edicao-20-o-recordista-dos-lagos-de-sal\/\" \/>\n<meta property=\"og:locale\" content=\"pt_BR\" \/>\n<meta property=\"og:type\" content=\"article\" \/>\n<meta property=\"og:title\" content=\"Edi\u00e7\u00e3o 20: O Recordista dos Lagos de Sal - Revista Classic Show, a sua revista de carros antigos\" \/>\n<meta property=\"og:description\" content=\"Ge Ferreira, nosso correspondente do oeste americano, foi visitar um \u00edcone do automobilismo norte-americano, o\u00a0Duesemberg SJ Speedster, um ve\u00edculo que batera o recorde mundial de velocidade cont\u00ednua.\u00a0Voc\u00ea pode conferir essa reportagem na edi\u00e7\u00e3o 20 da Revista Classic Show, p\u00e1gina 74. Em nossa Loja Virtual Nesta edi\u00e7\u00e3o da Revista Classic Show voc\u00ea vai encontrar: &#8211; VW [&hellip;]\" \/>\n<meta property=\"og:url\" content=\"https:\/\/www.classicshow.com.br\/site\/edicao-20-o-recordista-dos-lagos-de-sal\/\" \/>\n<meta property=\"og:site_name\" content=\"Revista Classic Show, a sua revista de carros antigos\" \/>\n<meta property=\"article:publisher\" content=\"https:\/\/www.facebook.com\/classic.show.7\" \/>\n<meta property=\"article:published_time\" content=\"2015-10-20T10:47:12+00:00\" \/>\n<meta property=\"og:image\" content=\"https:\/\/www.classicshow.com.br\/site\/wp-content\/uploads\/2015\/10\/ge-carro-antigo-20.jpg\" \/>\n\t<meta property=\"og:image:width\" content=\"800\" \/>\n\t<meta property=\"og:image:height\" content=\"445\" \/>\n\t<meta property=\"og:image:type\" content=\"image\/jpeg\" \/>\n<meta name=\"author\" content=\"Classic Show\" \/>\n<meta name=\"twitter:card\" content=\"summary_large_image\" \/>\n<meta name=\"twitter:creator\" content=\"@revista_cshow\" \/>\n<meta name=\"twitter:site\" content=\"@revista_cshow\" \/>\n<meta name=\"twitter:label1\" content=\"Escrito por\" \/>\n\t<meta name=\"twitter:data1\" content=\"Classic Show\" \/>\n\t<meta name=\"twitter:label2\" content=\"Est. tempo de leitura\" \/>\n\t<meta name=\"twitter:data2\" content=\"1 minuto\" \/>\n<script type=\"application\/ld+json\" class=\"yoast-schema-graph\">{\"@context\":\"https:\/\/schema.org\",\"@graph\":[{\"@type\":\"Organization\",\"@id\":\"https:\/\/www.classicshow.com.br\/site\/#organization\",\"name\":\"Revista Classic Show, a sua revista de carros antigos\",\"url\":\"https:\/\/www.classicshow.com.br\/site\/\",\"sameAs\":[\"https:\/\/www.youtube.com\/user\/ClassicShowM\",\"https:\/\/www.facebook.com\/classic.show.7\",\"https:\/\/twitter.com\/revista_cshow\"],\"logo\":{\"@type\":\"ImageObject\",\"inLanguage\":\"pt-BR\",\"@id\":\"https:\/\/www.classicshow.com.br\/site\/#\/schema\/logo\/image\/\",\"url\":\"https:\/\/www.classicshow.com.br\/site\/wp-content\/uploads\/2015\/09\/logo_cs.jpg\",\"contentUrl\":\"https:\/\/www.classicshow.com.br\/site\/wp-content\/uploads\/2015\/09\/logo_cs.jpg\",\"width\":339,\"height\":150,\"caption\":\"Revista Classic Show, a sua revista de carros antigos\"},\"image\":{\"@id\":\"https:\/\/www.classicshow.com.br\/site\/#\/schema\/logo\/image\/\"}},{\"@type\":\"WebSite\",\"@id\":\"https:\/\/www.classicshow.com.br\/site\/#website\",\"url\":\"https:\/\/www.classicshow.com.br\/site\/\",\"name\":\"Revista Classic Show, a sua revista de carros antigos\",\"description\":\"Fa\u00e7a sua assinatura! Aqui voc\u00ea encontra tudo sobre o universo dos carros antigos: mat\u00e9rias completas, encontros de carros antigos, livros especializados e muito mais!\",\"publisher\":{\"@id\":\"https:\/\/www.classicshow.com.br\/site\/#organization\"},\"potentialAction\":[{\"@type\":\"SearchAction\",\"target\":{\"@type\":\"EntryPoint\",\"urlTemplate\":\"https:\/\/www.classicshow.com.br\/site\/?s={search_term_string}\"},\"query-input\":\"required name=search_term_string\"}],\"inLanguage\":\"pt-BR\"},{\"@type\":\"ImageObject\",\"inLanguage\":\"pt-BR\",\"@id\":\"https:\/\/www.classicshow.com.br\/site\/edicao-20-o-recordista-dos-lagos-de-sal\/#primaryimage\",\"url\":\"https:\/\/www.classicshow.com.br\/site\/wp-content\/uploads\/2015\/10\/ge-carro-antigo-20.jpg\",\"contentUrl\":\"https:\/\/www.classicshow.com.br\/site\/wp-content\/uploads\/2015\/10\/ge-carro-antigo-20.jpg\",\"width\":800,\"height\":445},{\"@type\":\"WebPage\",\"@id\":\"https:\/\/www.classicshow.com.br\/site\/edicao-20-o-recordista-dos-lagos-de-sal\/\",\"url\":\"https:\/\/www.classicshow.com.br\/site\/edicao-20-o-recordista-dos-lagos-de-sal\/\",\"name\":\"Edi\u00e7\u00e3o 20: O Recordista dos Lagos de Sal - Revista Classic Show, a sua revista de carros antigos\",\"isPartOf\":{\"@id\":\"https:\/\/www.classicshow.com.br\/site\/#website\"},\"primaryImageOfPage\":{\"@id\":\"https:\/\/www.classicshow.com.br\/site\/edicao-20-o-recordista-dos-lagos-de-sal\/#primaryimage\"},\"datePublished\":\"2015-10-20T10:47:12+00:00\",\"dateModified\":\"2015-10-20T10:47:12+00:00\",\"breadcrumb\":{\"@id\":\"https:\/\/www.classicshow.com.br\/site\/edicao-20-o-recordista-dos-lagos-de-sal\/#breadcrumb\"},\"inLanguage\":\"pt-BR\",\"potentialAction\":[{\"@type\":\"ReadAction\",\"target\":[\"https:\/\/www.classicshow.com.br\/site\/edicao-20-o-recordista-dos-lagos-de-sal\/\"]}]},{\"@type\":\"BreadcrumbList\",\"@id\":\"https:\/\/www.classicshow.com.br\/site\/edicao-20-o-recordista-dos-lagos-de-sal\/#breadcrumb\",\"itemListElement\":[{\"@type\":\"ListItem\",\"position\":1,\"name\":\"In\u00edcio\",\"item\":\"https:\/\/www.classicshow.com.br\/site\/\"},{\"@type\":\"ListItem\",\"position\":2,\"name\":\"Edi\u00e7\u00e3o 20: O Recordista dos Lagos de Sal\"}]},{\"@type\":\"Article\",\"@id\":\"https:\/\/www.classicshow.com.br\/site\/edicao-20-o-recordista-dos-lagos-de-sal\/#article\",\"isPartOf\":{\"@id\":\"https:\/\/www.classicshow.com.br\/site\/edicao-20-o-recordista-dos-lagos-de-sal\/\"},\"author\":{\"name\":\"Classic Show\",\"@id\":\"https:\/\/www.classicshow.com.br\/site\/#\/schema\/person\/8c54ff81f431cd672b14ca26e8c3eb09\"},\"headline\":\"Edi\u00e7\u00e3o 20: O Recordista dos Lagos de Sal\",\"datePublished\":\"2015-10-20T10:47:12+00:00\",\"dateModified\":\"2015-10-20T10:47:12+00:00\",\"mainEntityOfPage\":{\"@id\":\"https:\/\/www.classicshow.com.br\/site\/edicao-20-o-recordista-dos-lagos-de-sal\/\"},\"wordCount\":118,\"commentCount\":0,\"publisher\":{\"@id\":\"https:\/\/www.classicshow.com.br\/site\/#organization\"},\"image\":{\"@id\":\"https:\/\/www.classicshow.com.br\/site\/edicao-20-o-recordista-dos-lagos-de-sal\/#primaryimage\"},\"thumbnailUrl\":\"https:\/\/www.classicshow.com.br\/site\/wp-content\/uploads\/2015\/10\/ge-carro-antigo-20.jpg\",\"articleSection\":[\"From USA\"],\"inLanguage\":\"pt-BR\"},{\"@type\":\"Person\",\"@id\":\"https:\/\/www.classicshow.com.br\/site\/#\/schema\/person\/8c54ff81f431cd672b14ca26e8c3eb09\",\"name\":\"Classic Show\",\"image\":{\"@type\":\"ImageObject\",\"inLanguage\":\"pt-BR\",\"@id\":\"https:\/\/www.classicshow.com.br\/site\/#\/schema\/person\/image\/\",\"url\":\"https:\/\/secure.gravatar.com\/avatar\/fd6fb2d4e5bb8208867ace0b29c31fc9?s=96&d=mm&r=g\",\"contentUrl\":\"https:\/\/secure.gravatar.com\/avatar\/fd6fb2d4e5bb8208867ace0b29c31fc9?s=96&d=mm&r=g\",\"caption\":\"Classic Show\"},\"url\":\"https:\/\/www.classicshow.com.br\/site\/author\/classic-show\/\"}]}<\/script>\n<!-- \/ Yoast SEO plugin. -->","yoast_head_json":{"title":"Edi\u00e7\u00e3o 20: O Recordista dos Lagos de Sal - Revista Classic Show, a sua revista de carros antigos","robots":{"index":"index","follow":"follow","max-snippet":"max-snippet:-1","max-image-preview":"max-image-preview:large","max-video-preview":"max-video-preview:-1"},"canonical":"https:\/\/www.classicshow.com.br\/site\/edicao-20-o-recordista-dos-lagos-de-sal\/","og_locale":"pt_BR","og_type":"article","og_title":"Edi\u00e7\u00e3o 20: O Recordista dos Lagos de Sal - Revista Classic Show, a sua revista de carros antigos","og_description":"Ge Ferreira, nosso correspondente do oeste americano, foi visitar um \u00edcone do automobilismo norte-americano, o\u00a0Duesemberg SJ Speedster, um ve\u00edculo que batera o recorde mundial de velocidade cont\u00ednua.\u00a0Voc\u00ea pode conferir essa reportagem na edi\u00e7\u00e3o 20 da Revista Classic Show, p\u00e1gina 74. Em nossa Loja Virtual Nesta edi\u00e7\u00e3o da Revista Classic Show voc\u00ea vai encontrar: &#8211; VW [&hellip;]","og_url":"https:\/\/www.classicshow.com.br\/site\/edicao-20-o-recordista-dos-lagos-de-sal\/","og_site_name":"Revista Classic Show, a sua revista de carros antigos","article_publisher":"https:\/\/www.facebook.com\/classic.show.7","article_published_time":"2015-10-20T10:47:12+00:00","og_image":[{"width":800,"height":445,"url":"https:\/\/www.classicshow.com.br\/site\/wp-content\/uploads\/2015\/10\/ge-carro-antigo-20.jpg","type":"image\/jpeg"}],"author":"Classic Show","twitter_card":"summary_large_image","twitter_creator":"@revista_cshow","twitter_site":"@revista_cshow","twitter_misc":{"Escrito por":"Classic Show","Est. tempo de leitura":"1 minuto"},"schema":{"@context":"https:\/\/schema.org","@graph":[{"@type":"Organization","@id":"https:\/\/www.classicshow.com.br\/site\/#organization","name":"Revista Classic Show, a sua revista de carros antigos","url":"https:\/\/www.classicshow.com.br\/site\/","sameAs":["https:\/\/www.youtube.com\/user\/ClassicShowM","https:\/\/www.facebook.com\/classic.show.7","https:\/\/twitter.com\/revista_cshow"],"logo":{"@type":"ImageObject","inLanguage":"pt-BR","@id":"https:\/\/www.classicshow.com.br\/site\/#\/schema\/logo\/image\/","url":"https:\/\/www.classicshow.com.br\/site\/wp-content\/uploads\/2015\/09\/logo_cs.jpg","contentUrl":"https:\/\/www.classicshow.com.br\/site\/wp-content\/uploads\/2015\/09\/logo_cs.jpg","width":339,"height":150,"caption":"Revista Classic Show, a sua revista de carros antigos"},"image":{"@id":"https:\/\/www.classicshow.com.br\/site\/#\/schema\/logo\/image\/"}},{"@type":"WebSite","@id":"https:\/\/www.classicshow.com.br\/site\/#website","url":"https:\/\/www.classicshow.com.br\/site\/","name":"Revista Classic Show, a sua revista de carros antigos","description":"Fa\u00e7a sua assinatura! Aqui voc\u00ea encontra tudo sobre o universo dos carros antigos: mat\u00e9rias completas, encontros de carros antigos, livros especializados e muito mais!","publisher":{"@id":"https:\/\/www.classicshow.com.br\/site\/#organization"},"potentialAction":[{"@type":"SearchAction","target":{"@type":"EntryPoint","urlTemplate":"https:\/\/www.classicshow.com.br\/site\/?s={search_term_string}"},"query-input":"required name=search_term_string"}],"inLanguage":"pt-BR"},{"@type":"ImageObject","inLanguage":"pt-BR","@id":"https:\/\/www.classicshow.com.br\/site\/edicao-20-o-recordista-dos-lagos-de-sal\/#primaryimage","url":"https:\/\/www.classicshow.com.br\/site\/wp-content\/uploads\/2015\/10\/ge-carro-antigo-20.jpg","contentUrl":"https:\/\/www.classicshow.com.br\/site\/wp-content\/uploads\/2015\/10\/ge-carro-antigo-20.jpg","width":800,"height":445},{"@type":"WebPage","@id":"https:\/\/www.classicshow.com.br\/site\/edicao-20-o-recordista-dos-lagos-de-sal\/","url":"https:\/\/www.classicshow.com.br\/site\/edicao-20-o-recordista-dos-lagos-de-sal\/","name":"Edi\u00e7\u00e3o 20: O Recordista dos Lagos de Sal - Revista Classic Show, a sua revista de carros antigos","isPartOf":{"@id":"https:\/\/www.classicshow.com.br\/site\/#website"},"primaryImageOfPage":{"@id":"https:\/\/www.classicshow.com.br\/site\/edicao-20-o-recordista-dos-lagos-de-sal\/#primaryimage"},"datePublished":"2015-10-20T10:47:12+00:00","dateModified":"2015-10-20T10:47:12+00:00","breadcrumb":{"@id":"https:\/\/www.classicshow.com.br\/site\/edicao-20-o-recordista-dos-lagos-de-sal\/#breadcrumb"},"inLanguage":"pt-BR","potentialAction":[{"@type":"ReadAction","target":["https:\/\/www.classicshow.com.br\/site\/edicao-20-o-recordista-dos-lagos-de-sal\/"]}]},{"@type":"BreadcrumbList","@id":"https:\/\/www.classicshow.com.br\/site\/edicao-20-o-recordista-dos-lagos-de-sal\/#breadcrumb","itemListElement":[{"@type":"ListItem","position":1,"name":"In\u00edcio","item":"https:\/\/www.classicshow.com.br\/site\/"},{"@type":"ListItem","position":2,"name":"Edi\u00e7\u00e3o 20: O Recordista dos Lagos de Sal"}]},{"@type":"Article","@id":"https:\/\/www.classicshow.com.br\/site\/edicao-20-o-recordista-dos-lagos-de-sal\/#article","isPartOf":{"@id":"https:\/\/www.classicshow.com.br\/site\/edicao-20-o-recordista-dos-lagos-de-sal\/"},"author":{"name":"Classic Show","@id":"https:\/\/www.classicshow.com.br\/site\/#\/schema\/person\/8c54ff81f431cd672b14ca26e8c3eb09"},"headline":"Edi\u00e7\u00e3o 20: O Recordista dos Lagos de Sal","datePublished":"2015-10-20T10:47:12+00:00","dateModified":"2015-10-20T10:47:12+00:00","mainEntityOfPage":{"@id":"https:\/\/www.classicshow.com.br\/site\/edicao-20-o-recordista-dos-lagos-de-sal\/"},"wordCount":118,"commentCount":0,"publisher":{"@id":"https:\/\/www.classicshow.com.br\/site\/#organization"},"image":{"@id":"https:\/\/www.classicshow.com.br\/site\/edicao-20-o-recordista-dos-lagos-de-sal\/#primaryimage"},"thumbnailUrl":"https:\/\/www.classicshow.com.br\/site\/wp-content\/uploads\/2015\/10\/ge-carro-antigo-20.jpg","articleSection":["From USA"],"inLanguage":"pt-BR"},{"@type":"Person","@id":"https:\/\/www.classicshow.com.br\/site\/#\/schema\/person\/8c54ff81f431cd672b14ca26e8c3eb09","name":"Classic Show","image":{"@type":"ImageObject","inLanguage":"pt-BR","@id":"https:\/\/www.classicshow.com.br\/site\/#\/schema\/person\/image\/","url":"https:\/\/secure.gravatar.com\/avatar\/fd6fb2d4e5bb8208867ace0b29c31fc9?s=96&d=mm&r=g","contentUrl":"https:\/\/secure.gravatar.com\/avatar\/fd6fb2d4e5bb8208867ace0b29c31fc9?s=96&d=mm&r=g","caption":"Classic Show"},"url":"https:\/\/www.classicshow.com.br\/site\/author\/classic-show\/"}]}},"_links":{"self":[{"href":"https:\/\/www.classicshow.com.br\/site\/wp-json\/wp\/v2\/posts\/4351"}],"collection":[{"href":"https:\/\/www.classicshow.com.br\/site\/wp-json\/wp\/v2\/posts"}],"about":[{"href":"https:\/\/www.classicshow.com.br\/site\/wp-json\/wp\/v2\/types\/post"}],"author":[{"embeddable":true,"href":"https:\/\/www.classicshow.com.br\/site\/wp-json\/wp\/v2\/users\/1"}],"replies":[{"embeddable":true,"href":"https:\/\/www.classicshow.com.br\/site\/wp-json\/wp\/v2\/comments?post=4351"}],"version-history":[{"count":1,"href":"https:\/\/www.classicshow.com.br\/site\/wp-json\/wp\/v2\/posts\/4351\/revisions"}],"predecessor-version":[{"id":4353,"href":"https:\/\/www.classicshow.com.br\/site\/wp-json\/wp\/v2\/posts\/4351\/revisions\/4353"}],"wp:featuredmedia":[{"embeddable":true,"href":"https:\/\/www.classicshow.com.br\/site\/wp-json\/wp\/v2\/media\/4352"}],"wp:attachment":[{"href":"https:\/\/www.classicshow.com.br\/site\/wp-json\/wp\/v2\/media?parent=4351"}],"wp:term":[{"taxonomy":"category","embeddable":true,"href":"https:\/\/www.classicshow.com.br\/site\/wp-json\/wp\/v2\/categories?post=4351"},{"taxonomy":"post_tag","embeddable":true,"href":"https:\/\/www.classicshow.com.br\/site\/wp-json\/wp\/v2\/tags?post=4351"}],"curies":[{"name":"wp","href":"https:\/\/api.w.org\/{rel}","templated":true}]}}