{"id":17410,"date":"2020-02-20T10:44:34","date_gmt":"2020-02-20T13:44:34","guid":{"rendered":"http:\/\/www.classicshow.com.br\/site\/?p=17410"},"modified":"2020-02-20T10:53:47","modified_gmt":"2020-02-20T13:53:47","slug":"importacao-de-automoveis-usados","status":"publish","type":"post","link":"https:\/\/www.classicshow.com.br\/site\/importacao-de-automoveis-usados\/","title":{"rendered":"Deputado prop\u00f5e libera\u00e7\u00e3o da importa\u00e7\u00e3o de autom\u00f3veis usados"},"content":{"rendered":"<p style=\"text-align: justify;\">O deputado ga\u00facho <strong>Marcel Van Hattem<\/strong>, do partido NOVO, disp\u00f5e sobre a libera\u00e7\u00e3o da importa\u00e7\u00e3o de ve\u00edculos automotores <strong>novos<\/strong> e <strong>usados<\/strong> para fins terrestres (Projeto de Lei PL 237\/2020).<\/p>\n<h3>Como \u00e9 a importa\u00e7\u00e3o atualmente?<\/h3>\n<p style=\"text-align: justify;\">Proibida desde 1991 pela Portaria DECEX n\u00ba 8, do ent\u00e3o Minist\u00e9rio da Fazenda, \u00e9 vedada a importa\u00e7\u00e3o de ve\u00edculos usados no Brasil, somente sendo poss\u00edvel a autoriza\u00e7\u00e3o de ve\u00edculos com mais de 30 anos de fabrica\u00e7\u00e3o para fins culturais ou de cole\u00e7\u00e3o.<\/p>\n<h3 style=\"text-align: justify;\">O que \u00e9 proposto?<\/h3>\n<blockquote><p>Art. 1\u00ba Qualquer pessoa f\u00edsica ou jur\u00eddica poder\u00e1 realizar a importa\u00e7\u00e3o de ve\u00edculos automotores para fins terrestres, novos ou usados, independentemente de autoriza\u00e7\u00e3o pr\u00e9via e do ano de fabrica\u00e7\u00e3o.<\/p><\/blockquote>\n<blockquote><p>Art. 2\u00ba O ve\u00edculo de que trata o art. 1\u00ba dever\u00e1 atender aos limites legais de emiss\u00f5es veiculares vigentes no pa\u00eds, relativamente ao seu ano de fabrica\u00e7\u00e3o e categoria.Par\u00e1grafo \u00fanico. S\u00e3o meios de comprova\u00e7\u00e3o do atendimento aos limites de emiss\u00f5es os \u00edndices dispostos na especifica\u00e7\u00e3o ou no manual do ve\u00edculo, elaborado por seu fabricante, assim como, entre outras formas, os limites de emiss\u00f5es constantes da norma do pa\u00eds de sua fabrica\u00e7\u00e3o.<\/p><\/blockquote>\n<blockquote><p>Art. 3\u00ba O montante dos tributos federais incidentes sobre a importa\u00e7\u00e3o do ve\u00edculo de que trata o art. 1\u00ba n\u00e3o poder\u00e1 ser superior ao montante incidente sobre os ve\u00edculos similares fabricados no pa\u00eds.Par\u00e1grafo \u00fanico. Define-se como ve\u00edculo similar aquele que seja equivalente em termos de peso bruto total e pot\u00eancia, admitidas varia\u00e7\u00f5es de at\u00e9 15%.<\/p><\/blockquote>\n<blockquote><p>Art. 4\u00ba Esta Lei entra em vigor na data de sua publica\u00e7\u00e3o.<\/p><\/blockquote>\n<p style=\"text-align: justify;\">Segundo ainda o deputado, a justificativa \u00e9 que o modelo atual de importa\u00e7\u00e3o prejudica os consumidores, pois impede que haja competi\u00e7\u00e3o e liberdade econ\u00f4mica. Ele cita ainda que muitos ve\u00edculos fabricados na Europa, Am\u00e9rica do Norte e \u00c1sia possuem maior tecnologia e garantem melhor seguran\u00e7a aos passageiros.<\/p>\n<p style=\"text-align: justify;\">A ideia tamb\u00e9m \u00e9 facilitar a importa\u00e7\u00e3o de <strong>ve\u00edculos novos<\/strong>, tornando-a menos burocr\u00e1tica. Voc\u00ea pode conferir o projeto na \u00edntegra <a href=\"https:\/\/www.camara.leg.br\/propostas-legislativas\/2236939\"><strong>clicando AQUI<\/strong><\/a>. Pode tamb\u00e9m votar a favor ou contra o mesmo.<\/p>\n","protected":false},"excerpt":{"rendered":"<p>O deputado ga\u00facho Marcel Van Hattem, do partido NOVO, disp\u00f5e sobre a libera\u00e7\u00e3o da importa\u00e7\u00e3o de ve\u00edculos automotores novos e usados para fins terrestres (Projeto de Lei PL 237\/2020). Como \u00e9 a importa\u00e7\u00e3o atualmente? Proibida desde 1991 pela Portaria DECEX n\u00ba 8, do ent\u00e3o Minist\u00e9rio da Fazenda, \u00e9 vedada a importa\u00e7\u00e3o de ve\u00edculos usados no [&hellip;]<\/p>\n","protected":false},"author":1,"featured_media":17412,"comment_status":"closed","ping_status":"closed","sticky":false,"template":"","format":"standard","meta":{"_links_to":"","_links_to_target":""},"categories":[4,27],"tags":[],"yoast_head":"<!-- This site is optimized with the Yoast SEO plugin v19.3 - https:\/\/yoast.com\/wordpress\/plugins\/seo\/ -->\n<title>Deputado prop\u00f5e libera\u00e7\u00e3o da importa\u00e7\u00e3o de autom\u00f3veis usados<\/title>\n<meta name=\"description\" content=\"O deputado ga\u00facho prop\u00f5e a libera\u00e7\u00e3o da importa\u00e7\u00e3o de ve\u00edculos automotores novos e usados para fins terrestres (Projeto de Lei PL 237\/2020).\" \/>\n<meta name=\"robots\" content=\"index, follow, max-snippet:-1, max-image-preview:large, max-video-preview:-1\" \/>\n<link rel=\"canonical\" href=\"https:\/\/www.classicshow.com.br\/site\/importacao-de-automoveis-usados\/\" \/>\n<meta property=\"og:locale\" content=\"pt_BR\" \/>\n<meta property=\"og:type\" content=\"article\" \/>\n<meta property=\"og:title\" content=\"Deputado prop\u00f5e libera\u00e7\u00e3o da importa\u00e7\u00e3o de autom\u00f3veis usados\" \/>\n<meta property=\"og:description\" content=\"O deputado ga\u00facho prop\u00f5e a libera\u00e7\u00e3o da importa\u00e7\u00e3o de ve\u00edculos automotores novos e usados para fins terrestres (Projeto de Lei PL 237\/2020).\" \/>\n<meta property=\"og:url\" content=\"https:\/\/www.classicshow.com.br\/site\/importacao-de-automoveis-usados\/\" \/>\n<meta property=\"og:site_name\" content=\"Revista Classic Show, a sua revista de carros antigos\" \/>\n<meta property=\"article:publisher\" content=\"https:\/\/www.facebook.com\/classic.show.7\" \/>\n<meta property=\"article:published_time\" content=\"2020-02-20T13:44:34+00:00\" \/>\n<meta property=\"article:modified_time\" content=\"2020-02-20T13:53:47+00:00\" \/>\n<meta property=\"og:image\" content=\"https:\/\/www.classicshow.com.br\/site\/wp-content\/uploads\/2020\/02\/importacao-carros-usados.jpg\" \/>\n\t<meta property=\"og:image:width\" content=\"800\" \/>\n\t<meta property=\"og:image:height\" content=\"445\" \/>\n\t<meta property=\"og:image:type\" content=\"image\/jpeg\" \/>\n<meta name=\"author\" content=\"Classic Show\" \/>\n<meta name=\"twitter:card\" content=\"summary_large_image\" \/>\n<meta name=\"twitter:creator\" content=\"@revista_cshow\" \/>\n<meta name=\"twitter:site\" content=\"@revista_cshow\" \/>\n<meta name=\"twitter:label1\" content=\"Escrito por\" \/>\n\t<meta name=\"twitter:data1\" content=\"Classic Show\" \/>\n\t<meta name=\"twitter:label2\" content=\"Est. tempo de leitura\" \/>\n\t<meta name=\"twitter:data2\" content=\"2 minutos\" \/>\n<script type=\"application\/ld+json\" class=\"yoast-schema-graph\">{\"@context\":\"https:\/\/schema.org\",\"@graph\":[{\"@type\":\"Organization\",\"@id\":\"https:\/\/www.classicshow.com.br\/site\/#organization\",\"name\":\"Revista Classic Show, a sua revista de carros antigos\",\"url\":\"https:\/\/www.classicshow.com.br\/site\/\",\"sameAs\":[\"https:\/\/www.youtube.com\/user\/ClassicShowM\",\"https:\/\/www.facebook.com\/classic.show.7\",\"https:\/\/twitter.com\/revista_cshow\"],\"logo\":{\"@type\":\"ImageObject\",\"inLanguage\":\"pt-BR\",\"@id\":\"https:\/\/www.classicshow.com.br\/site\/#\/schema\/logo\/image\/\",\"url\":\"https:\/\/www.classicshow.com.br\/site\/wp-content\/uploads\/2015\/09\/logo_cs.jpg\",\"contentUrl\":\"https:\/\/www.classicshow.com.br\/site\/wp-content\/uploads\/2015\/09\/logo_cs.jpg\",\"width\":339,\"height\":150,\"caption\":\"Revista Classic Show, a sua revista de carros antigos\"},\"image\":{\"@id\":\"https:\/\/www.classicshow.com.br\/site\/#\/schema\/logo\/image\/\"}},{\"@type\":\"WebSite\",\"@id\":\"https:\/\/www.classicshow.com.br\/site\/#website\",\"url\":\"https:\/\/www.classicshow.com.br\/site\/\",\"name\":\"Revista Classic Show, a sua revista de carros antigos\",\"description\":\"Fa\u00e7a sua assinatura! Aqui voc\u00ea encontra tudo sobre o universo dos carros antigos: mat\u00e9rias completas, encontros de carros antigos, livros especializados e muito mais!\",\"publisher\":{\"@id\":\"https:\/\/www.classicshow.com.br\/site\/#organization\"},\"potentialAction\":[{\"@type\":\"SearchAction\",\"target\":{\"@type\":\"EntryPoint\",\"urlTemplate\":\"https:\/\/www.classicshow.com.br\/site\/?s={search_term_string}\"},\"query-input\":\"required name=search_term_string\"}],\"inLanguage\":\"pt-BR\"},{\"@type\":\"ImageObject\",\"inLanguage\":\"pt-BR\",\"@id\":\"https:\/\/www.classicshow.com.br\/site\/importacao-de-automoveis-usados\/#primaryimage\",\"url\":\"https:\/\/www.classicshow.com.br\/site\/wp-content\/uploads\/2020\/02\/importacao-carros-usados.jpg\",\"contentUrl\":\"https:\/\/www.classicshow.com.br\/site\/wp-content\/uploads\/2020\/02\/importacao-carros-usados.jpg\",\"width\":800,\"height\":445,\"caption\":\"Importa\u00e7\u00e3o de Carros Usados\"},{\"@type\":\"WebPage\",\"@id\":\"https:\/\/www.classicshow.com.br\/site\/importacao-de-automoveis-usados\/\",\"url\":\"https:\/\/www.classicshow.com.br\/site\/importacao-de-automoveis-usados\/\",\"name\":\"Deputado prop\u00f5e libera\u00e7\u00e3o da importa\u00e7\u00e3o de autom\u00f3veis usados\",\"isPartOf\":{\"@id\":\"https:\/\/www.classicshow.com.br\/site\/#website\"},\"primaryImageOfPage\":{\"@id\":\"https:\/\/www.classicshow.com.br\/site\/importacao-de-automoveis-usados\/#primaryimage\"},\"datePublished\":\"2020-02-20T13:44:34+00:00\",\"dateModified\":\"2020-02-20T13:53:47+00:00\",\"description\":\"O deputado ga\u00facho prop\u00f5e a libera\u00e7\u00e3o da importa\u00e7\u00e3o de ve\u00edculos automotores novos e usados para fins terrestres (Projeto de Lei PL 237\/2020).\",\"breadcrumb\":{\"@id\":\"https:\/\/www.classicshow.com.br\/site\/importacao-de-automoveis-usados\/#breadcrumb\"},\"inLanguage\":\"pt-BR\",\"potentialAction\":[{\"@type\":\"ReadAction\",\"target\":[\"https:\/\/www.classicshow.com.br\/site\/importacao-de-automoveis-usados\/\"]}]},{\"@type\":\"BreadcrumbList\",\"@id\":\"https:\/\/www.classicshow.com.br\/site\/importacao-de-automoveis-usados\/#breadcrumb\",\"itemListElement\":[{\"@type\":\"ListItem\",\"position\":1,\"name\":\"In\u00edcio\",\"item\":\"https:\/\/www.classicshow.com.br\/site\/\"},{\"@type\":\"ListItem\",\"position\":2,\"name\":\"Deputado prop\u00f5e libera\u00e7\u00e3o da importa\u00e7\u00e3o de autom\u00f3veis usados\"}]},{\"@type\":\"Article\",\"@id\":\"https:\/\/www.classicshow.com.br\/site\/importacao-de-automoveis-usados\/#article\",\"isPartOf\":{\"@id\":\"https:\/\/www.classicshow.com.br\/site\/importacao-de-automoveis-usados\/\"},\"author\":{\"name\":\"Classic Show\",\"@id\":\"https:\/\/www.classicshow.com.br\/site\/#\/schema\/person\/8c54ff81f431cd672b14ca26e8c3eb09\"},\"headline\":\"Deputado prop\u00f5e libera\u00e7\u00e3o da importa\u00e7\u00e3o de autom\u00f3veis usados\",\"datePublished\":\"2020-02-20T13:44:34+00:00\",\"dateModified\":\"2020-02-20T13:53:47+00:00\",\"mainEntityOfPage\":{\"@id\":\"https:\/\/www.classicshow.com.br\/site\/importacao-de-automoveis-usados\/\"},\"wordCount\":379,\"publisher\":{\"@id\":\"https:\/\/www.classicshow.com.br\/site\/#organization\"},\"image\":{\"@id\":\"https:\/\/www.classicshow.com.br\/site\/importacao-de-automoveis-usados\/#primaryimage\"},\"thumbnailUrl\":\"https:\/\/www.classicshow.com.br\/site\/wp-content\/uploads\/2020\/02\/importacao-carros-usados.jpg\",\"articleSection\":[\"Blog\",\"Carro Antigo\"],\"inLanguage\":\"pt-BR\"},{\"@type\":\"Person\",\"@id\":\"https:\/\/www.classicshow.com.br\/site\/#\/schema\/person\/8c54ff81f431cd672b14ca26e8c3eb09\",\"name\":\"Classic Show\",\"image\":{\"@type\":\"ImageObject\",\"inLanguage\":\"pt-BR\",\"@id\":\"https:\/\/www.classicshow.com.br\/site\/#\/schema\/person\/image\/\",\"url\":\"https:\/\/secure.gravatar.com\/avatar\/fd6fb2d4e5bb8208867ace0b29c31fc9?s=96&d=mm&r=g\",\"contentUrl\":\"https:\/\/secure.gravatar.com\/avatar\/fd6fb2d4e5bb8208867ace0b29c31fc9?s=96&d=mm&r=g\",\"caption\":\"Classic Show\"},\"url\":\"https:\/\/www.classicshow.com.br\/site\/author\/classic-show\/\"}]}<\/script>\n<!-- \/ Yoast SEO plugin. -->","yoast_head_json":{"title":"Deputado prop\u00f5e libera\u00e7\u00e3o da importa\u00e7\u00e3o de autom\u00f3veis usados","description":"O deputado ga\u00facho prop\u00f5e a libera\u00e7\u00e3o da importa\u00e7\u00e3o de ve\u00edculos automotores novos e usados para fins terrestres (Projeto de Lei PL 237\/2020).","robots":{"index":"index","follow":"follow","max-snippet":"max-snippet:-1","max-image-preview":"max-image-preview:large","max-video-preview":"max-video-preview:-1"},"canonical":"https:\/\/www.classicshow.com.br\/site\/importacao-de-automoveis-usados\/","og_locale":"pt_BR","og_type":"article","og_title":"Deputado prop\u00f5e libera\u00e7\u00e3o da importa\u00e7\u00e3o de autom\u00f3veis usados","og_description":"O deputado ga\u00facho prop\u00f5e a libera\u00e7\u00e3o da importa\u00e7\u00e3o de ve\u00edculos automotores novos e usados para fins terrestres (Projeto de Lei PL 237\/2020).","og_url":"https:\/\/www.classicshow.com.br\/site\/importacao-de-automoveis-usados\/","og_site_name":"Revista Classic Show, a sua revista de carros antigos","article_publisher":"https:\/\/www.facebook.com\/classic.show.7","article_published_time":"2020-02-20T13:44:34+00:00","article_modified_time":"2020-02-20T13:53:47+00:00","og_image":[{"width":800,"height":445,"url":"https:\/\/www.classicshow.com.br\/site\/wp-content\/uploads\/2020\/02\/importacao-carros-usados.jpg","type":"image\/jpeg"}],"author":"Classic Show","twitter_card":"summary_large_image","twitter_creator":"@revista_cshow","twitter_site":"@revista_cshow","twitter_misc":{"Escrito por":"Classic Show","Est. tempo de leitura":"2 minutos"},"schema":{"@context":"https:\/\/schema.org","@graph":[{"@type":"Organization","@id":"https:\/\/www.classicshow.com.br\/site\/#organization","name":"Revista Classic Show, a sua revista de carros antigos","url":"https:\/\/www.classicshow.com.br\/site\/","sameAs":["https:\/\/www.youtube.com\/user\/ClassicShowM","https:\/\/www.facebook.com\/classic.show.7","https:\/\/twitter.com\/revista_cshow"],"logo":{"@type":"ImageObject","inLanguage":"pt-BR","@id":"https:\/\/www.classicshow.com.br\/site\/#\/schema\/logo\/image\/","url":"https:\/\/www.classicshow.com.br\/site\/wp-content\/uploads\/2015\/09\/logo_cs.jpg","contentUrl":"https:\/\/www.classicshow.com.br\/site\/wp-content\/uploads\/2015\/09\/logo_cs.jpg","width":339,"height":150,"caption":"Revista Classic Show, a sua revista de carros antigos"},"image":{"@id":"https:\/\/www.classicshow.com.br\/site\/#\/schema\/logo\/image\/"}},{"@type":"WebSite","@id":"https:\/\/www.classicshow.com.br\/site\/#website","url":"https:\/\/www.classicshow.com.br\/site\/","name":"Revista Classic Show, a sua revista de carros antigos","description":"Fa\u00e7a sua assinatura! Aqui voc\u00ea encontra tudo sobre o universo dos carros antigos: mat\u00e9rias completas, encontros de carros antigos, livros especializados e muito mais!","publisher":{"@id":"https:\/\/www.classicshow.com.br\/site\/#organization"},"potentialAction":[{"@type":"SearchAction","target":{"@type":"EntryPoint","urlTemplate":"https:\/\/www.classicshow.com.br\/site\/?s={search_term_string}"},"query-input":"required name=search_term_string"}],"inLanguage":"pt-BR"},{"@type":"ImageObject","inLanguage":"pt-BR","@id":"https:\/\/www.classicshow.com.br\/site\/importacao-de-automoveis-usados\/#primaryimage","url":"https:\/\/www.classicshow.com.br\/site\/wp-content\/uploads\/2020\/02\/importacao-carros-usados.jpg","contentUrl":"https:\/\/www.classicshow.com.br\/site\/wp-content\/uploads\/2020\/02\/importacao-carros-usados.jpg","width":800,"height":445,"caption":"Importa\u00e7\u00e3o de Carros Usados"},{"@type":"WebPage","@id":"https:\/\/www.classicshow.com.br\/site\/importacao-de-automoveis-usados\/","url":"https:\/\/www.classicshow.com.br\/site\/importacao-de-automoveis-usados\/","name":"Deputado prop\u00f5e libera\u00e7\u00e3o da importa\u00e7\u00e3o de autom\u00f3veis usados","isPartOf":{"@id":"https:\/\/www.classicshow.com.br\/site\/#website"},"primaryImageOfPage":{"@id":"https:\/\/www.classicshow.com.br\/site\/importacao-de-automoveis-usados\/#primaryimage"},"datePublished":"2020-02-20T13:44:34+00:00","dateModified":"2020-02-20T13:53:47+00:00","description":"O deputado ga\u00facho prop\u00f5e a libera\u00e7\u00e3o da importa\u00e7\u00e3o de ve\u00edculos automotores novos e usados para fins terrestres (Projeto de Lei PL 237\/2020).","breadcrumb":{"@id":"https:\/\/www.classicshow.com.br\/site\/importacao-de-automoveis-usados\/#breadcrumb"},"inLanguage":"pt-BR","potentialAction":[{"@type":"ReadAction","target":["https:\/\/www.classicshow.com.br\/site\/importacao-de-automoveis-usados\/"]}]},{"@type":"BreadcrumbList","@id":"https:\/\/www.classicshow.com.br\/site\/importacao-de-automoveis-usados\/#breadcrumb","itemListElement":[{"@type":"ListItem","position":1,"name":"In\u00edcio","item":"https:\/\/www.classicshow.com.br\/site\/"},{"@type":"ListItem","position":2,"name":"Deputado prop\u00f5e libera\u00e7\u00e3o da importa\u00e7\u00e3o de autom\u00f3veis usados"}]},{"@type":"Article","@id":"https:\/\/www.classicshow.com.br\/site\/importacao-de-automoveis-usados\/#article","isPartOf":{"@id":"https:\/\/www.classicshow.com.br\/site\/importacao-de-automoveis-usados\/"},"author":{"name":"Classic Show","@id":"https:\/\/www.classicshow.com.br\/site\/#\/schema\/person\/8c54ff81f431cd672b14ca26e8c3eb09"},"headline":"Deputado prop\u00f5e libera\u00e7\u00e3o da importa\u00e7\u00e3o de autom\u00f3veis usados","datePublished":"2020-02-20T13:44:34+00:00","dateModified":"2020-02-20T13:53:47+00:00","mainEntityOfPage":{"@id":"https:\/\/www.classicshow.com.br\/site\/importacao-de-automoveis-usados\/"},"wordCount":379,"publisher":{"@id":"https:\/\/www.classicshow.com.br\/site\/#organization"},"image":{"@id":"https:\/\/www.classicshow.com.br\/site\/importacao-de-automoveis-usados\/#primaryimage"},"thumbnailUrl":"https:\/\/www.classicshow.com.br\/site\/wp-content\/uploads\/2020\/02\/importacao-carros-usados.jpg","articleSection":["Blog","Carro Antigo"],"inLanguage":"pt-BR"},{"@type":"Person","@id":"https:\/\/www.classicshow.com.br\/site\/#\/schema\/person\/8c54ff81f431cd672b14ca26e8c3eb09","name":"Classic Show","image":{"@type":"ImageObject","inLanguage":"pt-BR","@id":"https:\/\/www.classicshow.com.br\/site\/#\/schema\/person\/image\/","url":"https:\/\/secure.gravatar.com\/avatar\/fd6fb2d4e5bb8208867ace0b29c31fc9?s=96&d=mm&r=g","contentUrl":"https:\/\/secure.gravatar.com\/avatar\/fd6fb2d4e5bb8208867ace0b29c31fc9?s=96&d=mm&r=g","caption":"Classic Show"},"url":"https:\/\/www.classicshow.com.br\/site\/author\/classic-show\/"}]}},"_links":{"self":[{"href":"https:\/\/www.classicshow.com.br\/site\/wp-json\/wp\/v2\/posts\/17410"}],"collection":[{"href":"https:\/\/www.classicshow.com.br\/site\/wp-json\/wp\/v2\/posts"}],"about":[{"href":"https:\/\/www.classicshow.com.br\/site\/wp-json\/wp\/v2\/types\/post"}],"author":[{"embeddable":true,"href":"https:\/\/www.classicshow.com.br\/site\/wp-json\/wp\/v2\/users\/1"}],"replies":[{"embeddable":true,"href":"https:\/\/www.classicshow.com.br\/site\/wp-json\/wp\/v2\/comments?post=17410"}],"version-history":[{"count":3,"href":"https:\/\/www.classicshow.com.br\/site\/wp-json\/wp\/v2\/posts\/17410\/revisions"}],"predecessor-version":[{"id":17414,"href":"https:\/\/www.classicshow.com.br\/site\/wp-json\/wp\/v2\/posts\/17410\/revisions\/17414"}],"wp:featuredmedia":[{"embeddable":true,"href":"https:\/\/www.classicshow.com.br\/site\/wp-json\/wp\/v2\/media\/17412"}],"wp:attachment":[{"href":"https:\/\/www.classicshow.com.br\/site\/wp-json\/wp\/v2\/media?parent=17410"}],"wp:term":[{"taxonomy":"category","embeddable":true,"href":"https:\/\/www.classicshow.com.br\/site\/wp-json\/wp\/v2\/categories?post=17410"},{"taxonomy":"post_tag","embeddable":true,"href":"https:\/\/www.classicshow.com.br\/site\/wp-json\/wp\/v2\/tags?post=17410"}],"curies":[{"name":"wp","href":"https:\/\/api.w.org\/{rel}","templated":true}]}}