{"id":126,"date":"2015-09-25T15:04:57","date_gmt":"2015-09-25T18:04:57","guid":{"rendered":"http:\/\/www.classicshow.com.br\/site\/?p=126"},"modified":"2015-10-06T14:08:26","modified_gmt":"2015-10-06T17:08:26","slug":"edicao-51-13o-rallye-monte-carlo-historique","status":"publish","type":"post","link":"https:\/\/www.classicshow.com.br\/site\/edicao-51-13o-rallye-monte-carlo-historique\/","title":{"rendered":"Edi\u00e7\u00e3o 51: 13\u00ba Rallye Monte-Carlo Historique"},"content":{"rendered":"<p style=\"text-align: justify;\"><a href=\"http:\/\/classicshow.lojavirtualfc.com.br\/listaprodutos.asp?IDLoja=14163&amp;IDProduto=2283480&amp;q=classic-show-n-51\" target=\"_blank\"><img class=\"aligncenter\" src=\"http:\/\/classicshow.lojavirtualfc.com.br\/lojas\/00014163\/prod\/cs_51_200.jpg\" alt=\"Classic Show n\u00ba51\" \/><\/a><\/p>\n<h6 style=\"text-align: center;\">Em nossa loja virtual!<\/h6>\n<p><a href=\"http:\/\/classicshow.lojavirtualfc.com.br\/listaprodutos.asp?IDLoja=14163&amp;IDProduto=2283480&amp;q=classic-show-n-51\" target=\"_blank\"><img loading=\"lazy\" class=\"size-full wp-image-294 aligncenter\" src=\"http:\/\/www.classicshow.com.br\/site\/wp-content\/uploads\/2015\/09\/botao-comprar.jpg\" alt=\"Clique aqui para COMPRAR!\" width=\"179\" height=\"54\" \/><\/a><\/p>\n<p style=\"text-align: justify;\">Na edi\u00e7\u00e3o 51 da Revista Classic Show voc\u00ea acompanhou um interessante artigo sobre uma dupla de brasileiros que levou pela primeira vez um autom\u00f3vel com placa brasileira para participar do Rallye Monte Carlo Historique. Os brasileiros se destacaram na competi\u00e7\u00e3o de cl\u00e1ssicos mais famosa do mundo, e enfrentaram as situa\u00e7\u00f5es mais adversas.<\/p>\n<p style=\"text-align: justify;\">Confira aqui as regras e os pr\u00e9-requisitos para que os competidores pudessem participar dessa aventura e a classifica\u00e7\u00e3o geral.<\/p>\n<p style=\"text-align: justify;\">Por: Luis Cezar Ramos Pereira<\/p>\n<p style=\"text-align: justify;\">Para participar do evento, se faz necess\u00e1rio um longo planejamento. \u00c9 preciso fazer uma pr\u00e9-inscri\u00e7\u00e3o, onde se verificar\u00e1 se o carro est\u00e1 homologado pela Federa\u00e7\u00e3o Internacional de Automobilismo (FIA), se o time possui carteira de piloto internacional expedido pela FIA (o piloto brasileiro, tinha a carteira FIA H2, para pilotar carros hist\u00f3ricos neste tipo de rallye). O carro precisa ser original e ter ou pap\u00e9is (licen\u00e7a) da FIA ou passaporte Federa\u00e7\u00e3o Internacional de Ve\u00edculos Antigos (FIVA); equipado com far\u00f3is de milha e neblina, cintos de 3, 4 ou 5 pontos homologados, pneus para asfalto\/neve e pneus para neve\/gelo com pinos (autorizados pelas regras FIA), trips de navega\u00e7\u00e3o mec\u00e2nico (como Twinmaster da Halda, ou Retro-Trip), al\u00e9m, \u00e9 claro, dos cron\u00f4metros.<\/p>\n<p style=\"text-align: justify;\">A verifica\u00e7\u00e3o \u00e9 r\u00edgida: antes da largada e durante o evento (caso o carro esteja em desconformidade, nem larga &#8211; e isso aconteceu com 2 carros em Barcelona). Este ano o Autom\u00f3vel Clube de M\u00f4naco, instalou um GPS em cada ve\u00edculo, para apurar com maior precis\u00e3o a passagem dos competidores nas especiais (ZR &#8211; Zona de Regularidade &#8211; velocidade de 47,5 km\/h), e\/ou para achar os ve\u00edculos perdidos ou acidentados. Neste tipo de rallye h\u00e1 o controle de passagem e o controle de hor\u00e1rio, onde o time tem que chegar numa determinada hora\/minuto cravados (caso contr\u00e1rio, neste \u00faltimo controle perde-se 10 mil pontos).<\/p>\n<p style=\"text-align: justify;\">H\u00e1 as ZRs onde a velocidade n\u00e3o pode ultrapassar os 50 km\/h. Quase que imposs\u00edvel fazer essa m\u00e9dia hor\u00e1ria, diante das curvas (muitas delas em grampo), das condi\u00e7\u00f5es do piso (neve e\/ou gelo) e das condi\u00e7\u00f5es do tr\u00e1fego (as estradas s\u00e3o abertas) e, finalmente, diante das condi\u00e7\u00f5es do tempo e claridade (chuva, neve, nevasca e noite). As estradas alpinas s\u00e3o bem apertadas para dois carros passarem, mesmo assim, h\u00e1 o respeito pelo carro que vem atr\u00e1s e est\u00e1 atrasado, todos ou quase todos os competidores deixam passar. Devido as estradas serem estreitas e na sua grande maioria n\u00e3o terem acostamento, guard-rail e abertas, h\u00e1 acidentes. Al\u00e9m disso, pela falta de \u00e1rea de escape, alguns carros chocam com as rochas na lateral da montanha.<\/p>\n<p style=\"text-align: justify;\">Quase todos os times t\u00eam apoio mec\u00e2nico, ou seja, levam seus times t\u00e9cnicos (com no m\u00ednimo 2 mec\u00e2nicos\/eletricistas). Estes n\u00e3o podem seguir o rallye pela mesma rodovia, at\u00e9 que o \u00faltimo carro passe. Contudo, eles seguem por rodovias alternativas e ficam esperando, ou no final das ZRs, ou no inicio delas (para conserto, para limpar os vidros, para colocar gasolina, para trocar pneus, para fornecer comidas e bebidas quentes ao time). H\u00e1 times t\u00e9cnicos profissionais e muito profissionais (geralmente, estes s\u00e3o fornecidos pelos museus que mandam carros para Monte). Cada carro deve ter um jogo completo de todas as ferramentas poss\u00edveis e necess\u00e1rias, assim como um tanque extra de gasolina (20 litros), macacos, p\u00e1s, bateria, correntes para pneus (hoje em dia utiliza-se mais um tecido que cobre os pneus e um spray que cria cravos para desatolar), pe\u00e7as como bombas de gasolina, material el\u00e9trico, e outros. Esses itens s\u00e3o indispens\u00e1veis para um conserto onde os times t\u00e9cnicos n\u00e3o podem atuar e entrar.<\/p>\n<p style=\"text-align: justify;\">No parque fechado os times t\u00e9cnicos n\u00e3o podem atuar, portanto, antes de entrar nestes parques, deve-se fazer uma revis\u00e3o do carro. Al\u00e9m da escolha dos pneus de neve e de pneus de gelo (com no m\u00e1ximo 130 pinos ou cravos por pneu), e do time t\u00e9cnico, se faz necess\u00e1rio contratar um batedor, que ir\u00e1 levantar o trajeto previamente dado pela organiza\u00e7\u00e3o um m\u00eas antes do evento. Esse batedor faz o percurso, levanta os pontos cr\u00edticos e faz marca\u00e7\u00f5es nas estradas (marca-se \u00e1rvores, asfalto, pontos estrat\u00e9gicos&#8230;). Esse batedor faz algo muito importante: confecciona o livro de bordo ou Road-book, com todos os detalhes em marcas\/refer\u00eancias, quil\u00f4metros e metros. O time brasileiro contratou um espanhol especialista no tema (tem um dos melhores Road-book da competi\u00e7\u00e3o). Mesmo assim, devem-se levantar os mapas e anexar detalhes cartogr\u00e1ficos ao lado do Road-book (servi\u00e7o pr\u00e9vio realizado pelo navegador).<\/p>\n<p style=\"text-align: justify;\">A organiza\u00e7\u00e3o, al\u00e9m de fornecer na largada um Road-book, durante a prova vai dando informa\u00e7\u00f5es das altera\u00e7\u00f5es aos pilotos (navegador n\u00e3o recebe as informa\u00e7\u00f5es, pois, o piloto \u00e9 o chefe do time de cada carro). Para melhor aten\u00e7\u00e3o e concentra\u00e7\u00e3o \u00e9 necess\u00e1rio fones de ouvido com intercomunica\u00e7\u00e3o entre piloto e navegador. Isso tudo n\u00e3o vale nada se n\u00e3o tiver um co-driver com pr\u00e1tica, que goste de rallye e que entenda um pouco de carro cl\u00e1ssico. Apesar do piloto ser o l\u00edder do time, o navegador \u00e9 de suma import\u00e2ncia. Se n\u00e3o tiver algu\u00e9m gabaritado, preparado para um rallye duro e longo, al\u00e9m de ser uma pessoa equilibrada, calma e que saiba controlar estresse durante a competi\u00e7\u00e3o, n\u00e3o fa\u00e7a esse tipo de prova, pois, ir\u00e1 arriscar a sua vida e no m\u00ednimo a integridade do seu carro, al\u00e9m de certamente ter que abandonar a prova num dos pontos. De posse disso tudo e de mapas rodovi\u00e1rios e fotos de sat\u00e9lite, faltam as roupas. O pior dos dias fez a m\u00e1xima de -2\u00baC e a m\u00ednima de -9\u00baC.<\/p>\n<p style=\"text-align: justify;\">Dentro do carro a temperatura girava entre 2, 10 e 15 graus positivos. Deve-se estar vestido com botas ou cal\u00e7ados a prova de \u00e1gua, sobre-pele debaixo das roupas e casaco com tecnologia de transpira\u00e7\u00e3o (a sobre-pele tamb\u00e9m deve acompanhar tal tecnologia). As luvas do piloto devem ser homologadas, mas a organiza\u00e7\u00e3o permite, extra-oficialmente, luvas de couro com forra\u00e7\u00e3o de l\u00e3. \u00d3culos amarelos para as provas noturnas s\u00e3o necess\u00e1rios e uma pequena geladeirinha para acondicionar bebidas energ\u00e9ticas, frutas e chocolate, tamb\u00e9m \u00e9 um item quase que necess\u00e1rio. No primeiro dia foram 21 horas de prova direto (35 horas sem dormir), para percorrer um pouco mais de 1.100 km da Espanha, atravessando os Pirineus, passando pelos Alpes Franceses e depois de encontrar todo o grupo de carros nos Alpes, oriundos de v\u00e1rios pontos da Europa, o rallye dirige-se \u00e0 Monte Carlo. Nos dias seguintes, consomem-se de 12 a 14 horas de prova (no nosso caso sempre terminando a noite &#8211; este ano anularam 2 legs especiais, pelo excesso de neve), e no \u00faltimo dia tem esse mesmo esquema, contudo, a partir das 20 horas deste dia h\u00e1 uma largada para uma \u00faltima especial de algumas horas pelos Alpes (\u00e9 a especial ou leg, mais dura e dif\u00edcil do rallye).<\/p>\n<p style=\"text-align: justify;\">O time brasileiro abandonou esta \u00faltima etapa pela defici\u00eancia na navega\u00e7\u00e3o e pelo perigo que ela representa (o total de abandonos foi de 69 carros), mas chegou ao fim do evento sem bater, arranhar ou danificar o carro, mesmo n\u00e3o tendo o piloto a experi\u00eancia em pilotar na neve e\/ou gelo &#8211; por esse fato, tanto a organiza\u00e7\u00e3o como muitos das equipes, cumprimentaram o time brasileiro por essa fa\u00e7anha. O glamour desta competi\u00e7\u00e3o n\u00e3o est\u00e1 na bandeirada de largada na \u00faltima leg, realizada pelo Pr\u00edncipe de M\u00f4naco &#8211; Albert II, mas sim nas suas origens e nas rotas adotadas, iguais as percorridas nos anos 50\/60, por times e pilotos m\u00edticos, al\u00e9m de carros fabulosos. O rallye hist\u00f3rico de Monte Carlo traz estes carros de volta, como os campe\u00f5es Volvo Amazon, Mini-Cooper S, Ford Lotus-Cortina, Ford Escort MKI e MKII, Lancia Stratos e HF 1600, Jaguar E-Type, Porsche 356 e 911, VW Porsche 914\/6, Mercedes-Benz 190, 220 e 300, MGA, Austin-Healey 3000 MKIII, Alpine A100 1600, dentre outros.<\/p>\n<p style=\"text-align: justify;\">A camaradagem e o entusiasmo marcaram este evento realmente fant\u00e1stico, como organiza\u00e7\u00e3o, como evento hist\u00f3rico e como reuni\u00e3o de carros diferentes e homens iguais. S\u00f3 participando se tem essa dimens\u00e3o! Para o centen\u00e1rio do ano que vem, o Brasil j\u00e1 est\u00e1 convidado a formar um time de 5 equipes.<\/p>\n<p class=\"fonte2\"><strong>Classifica\u00e7\u00e3o Geral<\/strong><a id=\"montecarlogeral\" name=\"montecarlogeral\"><\/a><\/p>\n<table style=\"height: 76px;\" border=\"1\" width=\"718\" cellspacing=\"0\" cellpadding=\"0\" align=\"center\">\n<tbody>\n<tr>\n<td class=\"fonte\" style=\"text-align: center;\" width=\"11\">1\u00ba<\/td>\n<td class=\"fonte\" style=\"text-align: center;\" width=\"123\">\n<div class=\"fonte\" align=\"center\">Jose LAREPPE (B)<\/div>\n<\/td>\n<td class=\"fonte\" style=\"text-align: center;\" width=\"170\">\n<div align=\"center\">Joseph LAMBERT (L)<\/div>\n<\/td>\n<td class=\"fonte\" style=\"text-align: center;\" width=\"204\">\n<div align=\"center\">Opel Kadett GTE 1978<\/div>\n<\/td>\n<\/tr>\n<tr>\n<td class=\"fonte\">2\u00ba<\/td>\n<td class=\"fonte\">\n<div align=\"center\">Mario SALA (ITA)<\/div>\n<\/td>\n<td class=\"fonte\">\n<div align=\"center\">Maurizio TORLASCO (ITA)<\/div>\n<\/td>\n<td class=\"fonte\">\n<div align=\"center\">Porsche 911 1965<\/div>\n<\/td>\n<\/tr>\n<tr>\n<td class=\"fonte\" style=\"text-align: center;\">3\u00ba<\/td>\n<td class=\"fonte\" style=\"text-align: center;\">\n<div align=\"center\">Bruno SABY (FRA)<\/div>\n<\/td>\n<td class=\"fonte\" style=\"text-align: center;\">\n<div align=\"center\">Denis GIRAUDET (FRA)<\/div>\n<\/td>\n<td class=\"fonte\">\n<div style=\"text-align: center;\" align=\"center\">Alpine Renault A 110 1600 S 1971<\/div>\n<\/td>\n<\/tr>\n<\/tbody>\n<\/table>\n<p><strong><span class=\"fonte2\">Classifica\u00e7\u00e3o por Categoria<\/span><\/strong><a id=\"montecarlocategoria\" name=\"montecarlocategoria\"><\/a><\/p>\n<p class=\"fonte\"><strong>Voitures construites avant le 31\/12\/1961<\/strong><br \/>\n1\u00ba <strong>306<\/strong> JUNTGEN Ernst\/MULLER Marcus D\/D I3 1 Merc\u00e9d\u00e8s-Benz 300 SE<\/p>\n<p><strong>Voitures construites entre 1962 et 1965<\/strong><br \/>\n1\u00ba <strong>307<\/strong> SALA Mario\/TORLASCO Maurizio I\/I II2 1 Porsche 911<br \/>\n<strong><br \/>\nVoitures construites entre 1966 et 1971<\/strong><br \/>\n1\u00ba <strong>3<\/strong> SABY Bruno\/GIRAUDET Denis F\/F III2 1 Alpine Renault A 110 1600S<br \/>\n<strong><br \/>\nVoitures construites entre 1972 et 1979<\/strong><br \/>\n1\u00ba <strong>46<\/strong> LAREPPE Jose\/LAMBERT Joseph B\/L IV2 1 Opel Kadett GTE<\/p>\n<p class=\"fonte2\"><strong>Classifica\u00e7\u00e3o por Classe<\/strong><\/p>\n<p class=\"fonte\"><strong>Voitures construites avant le 31\/12\/1961 classe 1<\/strong><br \/>\n1\u00ba <strong>297<\/strong> WRIGHT Jason\/TRAVERSO Stefano I\/I I1 1 Alfa Rom\u00e9o Giulietta Spr<br \/>\n<strong><br \/>\nVoitures construites avant le 31\/12\/1961 classe 2<\/strong><br \/>\n1\u00ba <strong>312<\/strong> PIEHL Karl\/MEIERER Gunter D\/D I2 1 Merc\u00e9d\u00e8s-Benz 190 SL<br \/>\n<strong><br \/>\nVoitures construites avant le 31\/12\/1961 classe 3<\/strong><br \/>\n1\u00ba <strong>306<\/strong> JUNTGEN Ernst\/MULLER Marcus D\/D I3 1 Merc\u00e9d\u00e8s-Benz 300 SE<br \/>\n<strong><br \/>\nVoitures construites entre 1962 et 1965 classe 1<\/strong><br \/>\n1\u00ba <strong>326<\/strong> CHABAS Rolland\/ARRIBERT-NARCES Bernard F\/F II1 1 Citro\u00ebn Ami 6<br \/>\n<strong><br \/>\nVoitures construites entre 1962 et 1965 classe 2<\/strong><br \/>\n1\u00ba <strong>307<\/strong> SALA Mario\/TORLASCO Maurizio I\/I II2 1 Porsche 911<br \/>\n<strong><br \/>\nVoitures construites entre 1962 et 1965 classe 3<\/strong><br \/>\n1\u00ba <strong>125<\/strong> SAPET Christophe\/BRESSON Eric F\/F II3 1 Jaguar Type E<br \/>\n<strong><br \/>\nVoitures construites entre 1966 et 1971 classe 1<\/strong><br \/>\n1\u00ba <strong>47<\/strong> AIME St\u00e9phanie\/AIME Pascal F\/F III1 1 Steyr Puch 650 TR2<br \/>\n<strong><br \/>\nVoitures construites entre 1966 et 1971 classe 2<\/strong><br \/>\n1\u00ba <strong>3<\/strong> SABY Bruno\/GIRAUDET Denis F\/F III2 1 Alpine Renault A 110 16<br \/>\n<strong><br \/>\nVoitures construites entre 1966 et 1971 classe 3<\/strong><br \/>\n1\u00ba <strong>41<\/strong> LUND Svein\/FREDRIKSEN Tore N\/N III3 1 Datsun 240 Z<br \/>\n<strong><br \/>\nVoitures construites entre 1972 et 1979 classe 1<\/strong><br \/>\n1\u00ba <strong>114<\/strong> BAEKKELUND Lars\/PAGH Arne DK\/DK IV1 1 Fiat 128 Coupe<br \/>\n<strong><br \/>\nVoitures construites entre 1972 et 1979 classe 2<\/strong><br \/>\n1\u00ba <strong>46<\/strong> LAREPPE Jose\/LAMBERT Joseph B\/L IV2 1 Opel Kadett GTE<br \/>\n<strong><br \/>\nVoitures construites entre 1972 et 1979 classe 3<\/strong><br \/>\n1\u00ba <strong>34<\/strong> MONDRON Jean Pierre\/NOELANDERS Yves B\/B IV3 1 Porsche 911 S<\/p>\n<div id='gallery-1' class='gallery galleryid-126 gallery-columns-3 gallery-size-thumbnail'><dl class='gallery-item'>\n\t\t\t<dt class='gallery-icon landscape'>\n\t\t\t\t<a href='https:\/\/www.classicshow.com.br\/site\/wp-content\/uploads\/2015\/09\/foto_061.jpg' title=\"\" data-rl_title=\"\" class=\"rl-gallery-link\" data-rl_caption=\"\" data-rel=\"lightbox-gallery-1\"><img width=\"150\" height=\"150\" src=\"https:\/\/www.classicshow.com.br\/site\/wp-content\/uploads\/2015\/09\/foto_061-150x150.jpg\" class=\"attachment-thumbnail size-thumbnail\" alt=\"\" loading=\"lazy\" \/><\/a>\n\t\t\t<\/dt><\/dl><dl class='gallery-item'>\n\t\t\t<dt class='gallery-icon landscape'>\n\t\t\t\t<a href='https:\/\/www.classicshow.com.br\/site\/wp-content\/uploads\/2015\/09\/foto_071.jpg' title=\"\" data-rl_title=\"\" class=\"rl-gallery-link\" data-rl_caption=\"\" data-rel=\"lightbox-gallery-1\"><img width=\"150\" height=\"150\" src=\"https:\/\/www.classicshow.com.br\/site\/wp-content\/uploads\/2015\/09\/foto_071-150x150.jpg\" class=\"attachment-thumbnail size-thumbnail\" alt=\"\" loading=\"lazy\" \/><\/a>\n\t\t\t<\/dt><\/dl><dl class='gallery-item'>\n\t\t\t<dt class='gallery-icon landscape'>\n\t\t\t\t<a href='https:\/\/www.classicshow.com.br\/site\/wp-content\/uploads\/2015\/09\/foto_081.jpg' title=\"\" data-rl_title=\"\" class=\"rl-gallery-link\" data-rl_caption=\"\" data-rel=\"lightbox-gallery-1\"><img width=\"150\" height=\"150\" src=\"https:\/\/www.classicshow.com.br\/site\/wp-content\/uploads\/2015\/09\/foto_081-150x150.jpg\" class=\"attachment-thumbnail size-thumbnail\" alt=\"\" loading=\"lazy\" \/><\/a>\n\t\t\t<\/dt><\/dl><br style=\"clear: both\" \/><dl class='gallery-item'>\n\t\t\t<dt class='gallery-icon landscape'>\n\t\t\t\t<a href='https:\/\/www.classicshow.com.br\/site\/wp-content\/uploads\/2015\/09\/foto_092.jpg' title=\"\" data-rl_title=\"\" class=\"rl-gallery-link\" data-rl_caption=\"\" data-rel=\"lightbox-gallery-1\"><img width=\"150\" height=\"150\" src=\"https:\/\/www.classicshow.com.br\/site\/wp-content\/uploads\/2015\/09\/foto_092-150x150.jpg\" class=\"attachment-thumbnail size-thumbnail\" alt=\"\" loading=\"lazy\" \/><\/a>\n\t\t\t<\/dt><\/dl>\n\t\t\t<br style='clear: both' \/>\n\t\t<\/div>\n\n","protected":false},"excerpt":{"rendered":"<p>Em nossa loja virtual! Na edi\u00e7\u00e3o 51 da Revista Classic Show voc\u00ea acompanhou um interessante artigo sobre uma dupla de brasileiros que levou pela primeira vez um autom\u00f3vel com placa brasileira para participar do Rallye Monte Carlo Historique. Os brasileiros se destacaram na competi\u00e7\u00e3o de cl\u00e1ssicos mais famosa do mundo, e enfrentaram as situa\u00e7\u00f5es mais [&hellip;]<\/p>\n","protected":false},"author":1,"featured_media":155,"comment_status":"open","ping_status":"open","sticky":false,"template":"","format":"standard","meta":{"_links_to":"","_links_to_target":""},"categories":[6,9],"tags":[],"yoast_head":"<!-- This site is optimized with the Yoast SEO plugin v19.3 - https:\/\/yoast.com\/wordpress\/plugins\/seo\/ -->\n<title>Edi\u00e7\u00e3o 51: 13\u00ba Rallye Monte-Carlo Historique - Revista Classic Show, a sua revista de carros antigos<\/title>\n<meta name=\"robots\" content=\"index, follow, max-snippet:-1, max-image-preview:large, max-video-preview:-1\" \/>\n<link rel=\"canonical\" href=\"https:\/\/www.classicshow.com.br\/site\/edicao-51-13o-rallye-monte-carlo-historique\/\" \/>\n<meta property=\"og:locale\" content=\"pt_BR\" \/>\n<meta property=\"og:type\" content=\"article\" \/>\n<meta property=\"og:title\" content=\"Edi\u00e7\u00e3o 51: 13\u00ba Rallye Monte-Carlo Historique - Revista Classic Show, a sua revista de carros antigos\" \/>\n<meta property=\"og:description\" content=\"Em nossa loja virtual! Na edi\u00e7\u00e3o 51 da Revista Classic Show voc\u00ea acompanhou um interessante artigo sobre uma dupla de brasileiros que levou pela primeira vez um autom\u00f3vel com placa brasileira para participar do Rallye Monte Carlo Historique. Os brasileiros se destacaram na competi\u00e7\u00e3o de cl\u00e1ssicos mais famosa do mundo, e enfrentaram as situa\u00e7\u00f5es mais [&hellip;]\" \/>\n<meta property=\"og:url\" content=\"https:\/\/www.classicshow.com.br\/site\/edicao-51-13o-rallye-monte-carlo-historique\/\" \/>\n<meta property=\"og:site_name\" content=\"Revista Classic Show, a sua revista de carros antigos\" \/>\n<meta property=\"article:publisher\" content=\"https:\/\/www.facebook.com\/classic.show.7\" \/>\n<meta property=\"article:published_time\" content=\"2015-09-25T18:04:57+00:00\" \/>\n<meta property=\"article:modified_time\" content=\"2015-10-06T17:08:26+00:00\" \/>\n<meta property=\"og:image\" content=\"https:\/\/www.classicshow.com.br\/site\/wp-content\/uploads\/2015\/09\/foto_092.jpg\" \/>\n\t<meta property=\"og:image:width\" content=\"800\" \/>\n\t<meta property=\"og:image:height\" content=\"600\" \/>\n\t<meta property=\"og:image:type\" content=\"image\/jpeg\" \/>\n<meta name=\"author\" content=\"Classic Show\" \/>\n<meta name=\"twitter:card\" content=\"summary_large_image\" \/>\n<meta name=\"twitter:creator\" content=\"@revista_cshow\" \/>\n<meta name=\"twitter:site\" content=\"@revista_cshow\" \/>\n<meta name=\"twitter:label1\" content=\"Escrito por\" \/>\n\t<meta name=\"twitter:data1\" content=\"Classic Show\" \/>\n\t<meta name=\"twitter:label2\" content=\"Est. tempo de leitura\" \/>\n\t<meta name=\"twitter:data2\" content=\"9 minutos\" \/>\n<script type=\"application\/ld+json\" class=\"yoast-schema-graph\">{\"@context\":\"https:\/\/schema.org\",\"@graph\":[{\"@type\":\"Organization\",\"@id\":\"https:\/\/www.classicshow.com.br\/site\/#organization\",\"name\":\"Revista Classic Show, a sua revista de carros antigos\",\"url\":\"https:\/\/www.classicshow.com.br\/site\/\",\"sameAs\":[\"https:\/\/www.youtube.com\/user\/ClassicShowM\",\"https:\/\/www.facebook.com\/classic.show.7\",\"https:\/\/twitter.com\/revista_cshow\"],\"logo\":{\"@type\":\"ImageObject\",\"inLanguage\":\"pt-BR\",\"@id\":\"https:\/\/www.classicshow.com.br\/site\/#\/schema\/logo\/image\/\",\"url\":\"https:\/\/www.classicshow.com.br\/site\/wp-content\/uploads\/2015\/09\/logo_cs.jpg\",\"contentUrl\":\"https:\/\/www.classicshow.com.br\/site\/wp-content\/uploads\/2015\/09\/logo_cs.jpg\",\"width\":339,\"height\":150,\"caption\":\"Revista Classic Show, a sua revista de carros antigos\"},\"image\":{\"@id\":\"https:\/\/www.classicshow.com.br\/site\/#\/schema\/logo\/image\/\"}},{\"@type\":\"WebSite\",\"@id\":\"https:\/\/www.classicshow.com.br\/site\/#website\",\"url\":\"https:\/\/www.classicshow.com.br\/site\/\",\"name\":\"Revista Classic Show, a sua revista de carros antigos\",\"description\":\"Fa\u00e7a sua assinatura! Aqui voc\u00ea encontra tudo sobre o universo dos carros antigos: mat\u00e9rias completas, encontros de carros antigos, livros especializados e muito mais!\",\"publisher\":{\"@id\":\"https:\/\/www.classicshow.com.br\/site\/#organization\"},\"potentialAction\":[{\"@type\":\"SearchAction\",\"target\":{\"@type\":\"EntryPoint\",\"urlTemplate\":\"https:\/\/www.classicshow.com.br\/site\/?s={search_term_string}\"},\"query-input\":\"required name=search_term_string\"}],\"inLanguage\":\"pt-BR\"},{\"@type\":\"ImageObject\",\"inLanguage\":\"pt-BR\",\"@id\":\"https:\/\/www.classicshow.com.br\/site\/edicao-51-13o-rallye-monte-carlo-historique\/#primaryimage\",\"url\":\"https:\/\/www.classicshow.com.br\/site\/wp-content\/uploads\/2015\/09\/foto_092.jpg\",\"contentUrl\":\"https:\/\/www.classicshow.com.br\/site\/wp-content\/uploads\/2015\/09\/foto_092.jpg\",\"width\":800,\"height\":600},{\"@type\":\"WebPage\",\"@id\":\"https:\/\/www.classicshow.com.br\/site\/edicao-51-13o-rallye-monte-carlo-historique\/\",\"url\":\"https:\/\/www.classicshow.com.br\/site\/edicao-51-13o-rallye-monte-carlo-historique\/\",\"name\":\"Edi\u00e7\u00e3o 51: 13\u00ba Rallye Monte-Carlo Historique - Revista Classic Show, a sua revista de carros antigos\",\"isPartOf\":{\"@id\":\"https:\/\/www.classicshow.com.br\/site\/#website\"},\"primaryImageOfPage\":{\"@id\":\"https:\/\/www.classicshow.com.br\/site\/edicao-51-13o-rallye-monte-carlo-historique\/#primaryimage\"},\"datePublished\":\"2015-09-25T18:04:57+00:00\",\"dateModified\":\"2015-10-06T17:08:26+00:00\",\"breadcrumb\":{\"@id\":\"https:\/\/www.classicshow.com.br\/site\/edicao-51-13o-rallye-monte-carlo-historique\/#breadcrumb\"},\"inLanguage\":\"pt-BR\",\"potentialAction\":[{\"@type\":\"ReadAction\",\"target\":[\"https:\/\/www.classicshow.com.br\/site\/edicao-51-13o-rallye-monte-carlo-historique\/\"]}]},{\"@type\":\"BreadcrumbList\",\"@id\":\"https:\/\/www.classicshow.com.br\/site\/edicao-51-13o-rallye-monte-carlo-historique\/#breadcrumb\",\"itemListElement\":[{\"@type\":\"ListItem\",\"position\":1,\"name\":\"In\u00edcio\",\"item\":\"https:\/\/www.classicshow.com.br\/site\/\"},{\"@type\":\"ListItem\",\"position\":2,\"name\":\"Edi\u00e7\u00e3o 51: 13\u00ba Rallye Monte-Carlo Historique\"}]},{\"@type\":\"Article\",\"@id\":\"https:\/\/www.classicshow.com.br\/site\/edicao-51-13o-rallye-monte-carlo-historique\/#article\",\"isPartOf\":{\"@id\":\"https:\/\/www.classicshow.com.br\/site\/edicao-51-13o-rallye-monte-carlo-historique\/\"},\"author\":{\"name\":\"Classic Show\",\"@id\":\"https:\/\/www.classicshow.com.br\/site\/#\/schema\/person\/8c54ff81f431cd672b14ca26e8c3eb09\"},\"headline\":\"Edi\u00e7\u00e3o 51: 13\u00ba Rallye Monte-Carlo Historique\",\"datePublished\":\"2015-09-25T18:04:57+00:00\",\"dateModified\":\"2015-10-06T17:08:26+00:00\",\"mainEntityOfPage\":{\"@id\":\"https:\/\/www.classicshow.com.br\/site\/edicao-51-13o-rallye-monte-carlo-historique\/\"},\"wordCount\":1719,\"commentCount\":0,\"publisher\":{\"@id\":\"https:\/\/www.classicshow.com.br\/site\/#organization\"},\"image\":{\"@id\":\"https:\/\/www.classicshow.com.br\/site\/edicao-51-13o-rallye-monte-carlo-historique\/#primaryimage\"},\"thumbnailUrl\":\"https:\/\/www.classicshow.com.br\/site\/wp-content\/uploads\/2015\/09\/foto_092.jpg\",\"articleSection\":[\"E+\",\"Revista Classic Show edi\u00e7\u00e3o 51\"],\"inLanguage\":\"pt-BR\"},{\"@type\":\"Person\",\"@id\":\"https:\/\/www.classicshow.com.br\/site\/#\/schema\/person\/8c54ff81f431cd672b14ca26e8c3eb09\",\"name\":\"Classic Show\",\"image\":{\"@type\":\"ImageObject\",\"inLanguage\":\"pt-BR\",\"@id\":\"https:\/\/www.classicshow.com.br\/site\/#\/schema\/person\/image\/\",\"url\":\"https:\/\/secure.gravatar.com\/avatar\/fd6fb2d4e5bb8208867ace0b29c31fc9?s=96&d=mm&r=g\",\"contentUrl\":\"https:\/\/secure.gravatar.com\/avatar\/fd6fb2d4e5bb8208867ace0b29c31fc9?s=96&d=mm&r=g\",\"caption\":\"Classic Show\"},\"url\":\"https:\/\/www.classicshow.com.br\/site\/author\/classic-show\/\"}]}<\/script>\n<!-- \/ Yoast SEO plugin. -->","yoast_head_json":{"title":"Edi\u00e7\u00e3o 51: 13\u00ba Rallye Monte-Carlo Historique - Revista Classic Show, a sua revista de carros antigos","robots":{"index":"index","follow":"follow","max-snippet":"max-snippet:-1","max-image-preview":"max-image-preview:large","max-video-preview":"max-video-preview:-1"},"canonical":"https:\/\/www.classicshow.com.br\/site\/edicao-51-13o-rallye-monte-carlo-historique\/","og_locale":"pt_BR","og_type":"article","og_title":"Edi\u00e7\u00e3o 51: 13\u00ba Rallye Monte-Carlo Historique - Revista Classic Show, a sua revista de carros antigos","og_description":"Em nossa loja virtual! Na edi\u00e7\u00e3o 51 da Revista Classic Show voc\u00ea acompanhou um interessante artigo sobre uma dupla de brasileiros que levou pela primeira vez um autom\u00f3vel com placa brasileira para participar do Rallye Monte Carlo Historique. Os brasileiros se destacaram na competi\u00e7\u00e3o de cl\u00e1ssicos mais famosa do mundo, e enfrentaram as situa\u00e7\u00f5es mais [&hellip;]","og_url":"https:\/\/www.classicshow.com.br\/site\/edicao-51-13o-rallye-monte-carlo-historique\/","og_site_name":"Revista Classic Show, a sua revista de carros antigos","article_publisher":"https:\/\/www.facebook.com\/classic.show.7","article_published_time":"2015-09-25T18:04:57+00:00","article_modified_time":"2015-10-06T17:08:26+00:00","og_image":[{"width":800,"height":600,"url":"https:\/\/www.classicshow.com.br\/site\/wp-content\/uploads\/2015\/09\/foto_092.jpg","type":"image\/jpeg"}],"author":"Classic Show","twitter_card":"summary_large_image","twitter_creator":"@revista_cshow","twitter_site":"@revista_cshow","twitter_misc":{"Escrito por":"Classic Show","Est. tempo de leitura":"9 minutos"},"schema":{"@context":"https:\/\/schema.org","@graph":[{"@type":"Organization","@id":"https:\/\/www.classicshow.com.br\/site\/#organization","name":"Revista Classic Show, a sua revista de carros antigos","url":"https:\/\/www.classicshow.com.br\/site\/","sameAs":["https:\/\/www.youtube.com\/user\/ClassicShowM","https:\/\/www.facebook.com\/classic.show.7","https:\/\/twitter.com\/revista_cshow"],"logo":{"@type":"ImageObject","inLanguage":"pt-BR","@id":"https:\/\/www.classicshow.com.br\/site\/#\/schema\/logo\/image\/","url":"https:\/\/www.classicshow.com.br\/site\/wp-content\/uploads\/2015\/09\/logo_cs.jpg","contentUrl":"https:\/\/www.classicshow.com.br\/site\/wp-content\/uploads\/2015\/09\/logo_cs.jpg","width":339,"height":150,"caption":"Revista Classic Show, a sua revista de carros antigos"},"image":{"@id":"https:\/\/www.classicshow.com.br\/site\/#\/schema\/logo\/image\/"}},{"@type":"WebSite","@id":"https:\/\/www.classicshow.com.br\/site\/#website","url":"https:\/\/www.classicshow.com.br\/site\/","name":"Revista Classic Show, a sua revista de carros antigos","description":"Fa\u00e7a sua assinatura! Aqui voc\u00ea encontra tudo sobre o universo dos carros antigos: mat\u00e9rias completas, encontros de carros antigos, livros especializados e muito mais!","publisher":{"@id":"https:\/\/www.classicshow.com.br\/site\/#organization"},"potentialAction":[{"@type":"SearchAction","target":{"@type":"EntryPoint","urlTemplate":"https:\/\/www.classicshow.com.br\/site\/?s={search_term_string}"},"query-input":"required name=search_term_string"}],"inLanguage":"pt-BR"},{"@type":"ImageObject","inLanguage":"pt-BR","@id":"https:\/\/www.classicshow.com.br\/site\/edicao-51-13o-rallye-monte-carlo-historique\/#primaryimage","url":"https:\/\/www.classicshow.com.br\/site\/wp-content\/uploads\/2015\/09\/foto_092.jpg","contentUrl":"https:\/\/www.classicshow.com.br\/site\/wp-content\/uploads\/2015\/09\/foto_092.jpg","width":800,"height":600},{"@type":"WebPage","@id":"https:\/\/www.classicshow.com.br\/site\/edicao-51-13o-rallye-monte-carlo-historique\/","url":"https:\/\/www.classicshow.com.br\/site\/edicao-51-13o-rallye-monte-carlo-historique\/","name":"Edi\u00e7\u00e3o 51: 13\u00ba Rallye Monte-Carlo Historique - Revista Classic Show, a sua revista de carros antigos","isPartOf":{"@id":"https:\/\/www.classicshow.com.br\/site\/#website"},"primaryImageOfPage":{"@id":"https:\/\/www.classicshow.com.br\/site\/edicao-51-13o-rallye-monte-carlo-historique\/#primaryimage"},"datePublished":"2015-09-25T18:04:57+00:00","dateModified":"2015-10-06T17:08:26+00:00","breadcrumb":{"@id":"https:\/\/www.classicshow.com.br\/site\/edicao-51-13o-rallye-monte-carlo-historique\/#breadcrumb"},"inLanguage":"pt-BR","potentialAction":[{"@type":"ReadAction","target":["https:\/\/www.classicshow.com.br\/site\/edicao-51-13o-rallye-monte-carlo-historique\/"]}]},{"@type":"BreadcrumbList","@id":"https:\/\/www.classicshow.com.br\/site\/edicao-51-13o-rallye-monte-carlo-historique\/#breadcrumb","itemListElement":[{"@type":"ListItem","position":1,"name":"In\u00edcio","item":"https:\/\/www.classicshow.com.br\/site\/"},{"@type":"ListItem","position":2,"name":"Edi\u00e7\u00e3o 51: 13\u00ba Rallye Monte-Carlo Historique"}]},{"@type":"Article","@id":"https:\/\/www.classicshow.com.br\/site\/edicao-51-13o-rallye-monte-carlo-historique\/#article","isPartOf":{"@id":"https:\/\/www.classicshow.com.br\/site\/edicao-51-13o-rallye-monte-carlo-historique\/"},"author":{"name":"Classic Show","@id":"https:\/\/www.classicshow.com.br\/site\/#\/schema\/person\/8c54ff81f431cd672b14ca26e8c3eb09"},"headline":"Edi\u00e7\u00e3o 51: 13\u00ba Rallye Monte-Carlo Historique","datePublished":"2015-09-25T18:04:57+00:00","dateModified":"2015-10-06T17:08:26+00:00","mainEntityOfPage":{"@id":"https:\/\/www.classicshow.com.br\/site\/edicao-51-13o-rallye-monte-carlo-historique\/"},"wordCount":1719,"commentCount":0,"publisher":{"@id":"https:\/\/www.classicshow.com.br\/site\/#organization"},"image":{"@id":"https:\/\/www.classicshow.com.br\/site\/edicao-51-13o-rallye-monte-carlo-historique\/#primaryimage"},"thumbnailUrl":"https:\/\/www.classicshow.com.br\/site\/wp-content\/uploads\/2015\/09\/foto_092.jpg","articleSection":["E+","Revista Classic Show edi\u00e7\u00e3o 51"],"inLanguage":"pt-BR"},{"@type":"Person","@id":"https:\/\/www.classicshow.com.br\/site\/#\/schema\/person\/8c54ff81f431cd672b14ca26e8c3eb09","name":"Classic Show","image":{"@type":"ImageObject","inLanguage":"pt-BR","@id":"https:\/\/www.classicshow.com.br\/site\/#\/schema\/person\/image\/","url":"https:\/\/secure.gravatar.com\/avatar\/fd6fb2d4e5bb8208867ace0b29c31fc9?s=96&d=mm&r=g","contentUrl":"https:\/\/secure.gravatar.com\/avatar\/fd6fb2d4e5bb8208867ace0b29c31fc9?s=96&d=mm&r=g","caption":"Classic Show"},"url":"https:\/\/www.classicshow.com.br\/site\/author\/classic-show\/"}]}},"_links":{"self":[{"href":"https:\/\/www.classicshow.com.br\/site\/wp-json\/wp\/v2\/posts\/126"}],"collection":[{"href":"https:\/\/www.classicshow.com.br\/site\/wp-json\/wp\/v2\/posts"}],"about":[{"href":"https:\/\/www.classicshow.com.br\/site\/wp-json\/wp\/v2\/types\/post"}],"author":[{"embeddable":true,"href":"https:\/\/www.classicshow.com.br\/site\/wp-json\/wp\/v2\/users\/1"}],"replies":[{"embeddable":true,"href":"https:\/\/www.classicshow.com.br\/site\/wp-json\/wp\/v2\/comments?post=126"}],"version-history":[{"count":8,"href":"https:\/\/www.classicshow.com.br\/site\/wp-json\/wp\/v2\/posts\/126\/revisions"}],"predecessor-version":[{"id":481,"href":"https:\/\/www.classicshow.com.br\/site\/wp-json\/wp\/v2\/posts\/126\/revisions\/481"}],"wp:featuredmedia":[{"embeddable":true,"href":"https:\/\/www.classicshow.com.br\/site\/wp-json\/wp\/v2\/media\/155"}],"wp:attachment":[{"href":"https:\/\/www.classicshow.com.br\/site\/wp-json\/wp\/v2\/media?parent=126"}],"wp:term":[{"taxonomy":"category","embeddable":true,"href":"https:\/\/www.classicshow.com.br\/site\/wp-json\/wp\/v2\/categories?post=126"},{"taxonomy":"post_tag","embeddable":true,"href":"https:\/\/www.classicshow.com.br\/site\/wp-json\/wp\/v2\/tags?post=126"}],"curies":[{"name":"wp","href":"https:\/\/api.w.org\/{rel}","templated":true}]}}