{"id":10121,"date":"2017-08-18T14:12:16","date_gmt":"2017-08-18T17:12:16","guid":{"rendered":"http:\/\/www.classicshow.com.br\/site\/?p=10121"},"modified":"2017-08-18T14:12:16","modified_gmt":"2017-08-18T17:12:16","slug":"vi-passeio-cronometrado-dos-vinhedos","status":"publish","type":"post","link":"https:\/\/www.classicshow.com.br\/site\/vi-passeio-cronometrado-dos-vinhedos\/","title":{"rendered":"Edi\u00e7\u00e3o 92: VI Passeio Cronometrado dos Vinhedos"},"content":{"rendered":"<p style=\"text-align: justify;\">O \u201cVI Passeio Cronometrado dos Vinhedos\u201d aconteceu no dia 08 de julho e movimentou a Serra Ga\u00facha, com sa\u00edda na Vin\u00edcola Miolo, no Vale dos Vinhedos, em Bento Gon\u00e7alves\/RS. O evento fora v\u00e1lido como uma etapa do IX Campeonato Brasileiro Baterias Cral e da II Copa Ga\u00facha.\u00a0<span style=\"color: #ff0000;\"><strong>Leia o artigo completo na edi\u00e7\u00e3o 92 da Revista Classic Show<\/strong><\/span>.<\/p>\n<p><a href=\"https:\/\/classicshow.lojavirtualfc.com.br\/prod,idloja,14163,idproduto,5707344,revista-classic-show-classic-show-n--92\"><img loading=\"lazy\" class=\"aligncenter size-full\" src=\"https:\/\/www.rumo.com.br\/lojas\/00014163\/prod\/classic-show-92-200.jpg\" width=\"200\" height=\"235\" \/><\/a><\/p>\n<h6 style=\"text-align: center;\">Na nossa Loja Virtual<\/h6>\n<p><a href=\"https:\/\/classicshow.lojavirtualfc.com.br\/prod,idloja,14163,idproduto,5707344,revista-classic-show-classic-show-n--92\"><img loading=\"lazy\" class=\"aligncenter wp-image-294 size-full\" src=\"http:\/\/www.classicshow.com.br\/site\/wp-content\/uploads\/2015\/09\/botao-comprar.jpg\" alt=\"Clique aqui para COMPRAR!\" width=\"179\" height=\"54\" \/><\/a><\/p>\n<p style=\"text-align: justify;\">Confira os resultados acumulados ap\u00f3s a etapa de Bento Gon\u00e7alves:<\/p>\n<p style=\"text-align: justify;\"><strong>II Copa Ga\u00facha:<\/strong><\/p>\n<ul style=\"text-align: justify;\">\n<li><strong>Categoria Vintage at\u00e9 1930:<\/strong> Ford Tudor 1928 \u2013 Darcy e Lauri Montemaggiore (Garibaldi\/RS);<\/li>\n<li><strong>Categoria Pos Vintage 1931 a 1945:<\/strong> Chevrolet Carretera 1939 \u2013 Carlos Bertuol\/Fabiano Mazzotti\/Maysa Bertuol (Bento Gon\u00e7alves\/RS);<\/li>\n<li><strong>Categoria E 1946 a 1960:<\/strong> Chevrolet Bel Air 1954 \u2013 Luis Carlos\/Rosane Brezolin (Pelotas\/RS);<\/li>\n<li><strong>Categoria F 1961 a 1970:<\/strong> Chevolet Impala 1963 \u2013 Rogerio Franz\/Mario Nardi (Porto Alegre\/RS);<\/li>\n<li><strong>Categoria G 1971 a 1980:<\/strong> VW Karmann-Ghia TC 1974 \u2013 Roberto Menegotto\/Jose Carniel (Porto Alegre\/RS);<\/li>\n<li><strong>Categoria H 1981 a 1987:<\/strong> VW Voyage 1983 \u2013 Adilson\/Rosane Baher (Blumenau\/SC).<\/li>\n<\/ul>\n<p style=\"text-align: justify;\"><strong>IX CBR Baterias Cral:<\/strong><\/p>\n<ul style=\"text-align: justify;\">\n<li><strong>Categoria Vintage at\u00e9 1930:<\/strong> Ford Tudor 1928 \u2013 Darcy e Lauri Montemaggiore (Garibaldi\/RS);<\/li>\n<li><strong>Categoria P\u00f3s-Vintage 1931 a 1945:<\/strong> Carlos Bertuol\/Fabiano Mazzotti\/Maysa Bertuol \u2013 Chevrolet Carretera 1939 (Bento Gon\u00e7alves\/RS);<\/li>\n<li><strong>Categoria E 1946 a 1960:<\/strong> Cadillac Serie 62 1947 \u2013 Roberto\/Cristina (Rio de Janeiro\/RJ);<\/li>\n<li><strong>Categoria F 1961 a 1970:<\/strong> MGB 1967 \u2013 Marcelo Mantelli\/Simone Bumbel (Porto Alegre\/RS);<\/li>\n<li><strong>Categoria G 1971 a 1980:<\/strong> VW Karmann Ghia TC 1974 \u2013 Roberto Menegotto\/Jose Carniel (Porto Alegre\/RS);<\/li>\n<li><strong>Categoria H 1981 a 1987:<\/strong> VW Voyage 1983 Adilson\/Rosane Baher (Blumenau\/SC).<\/li>\n<\/ul>\n<p style=\"text-align: justify;\"><strong>Pr\u00f3ximas etapas do IX CBR Baterias Cral:<\/strong><\/p>\n<ul style=\"text-align: justify;\">\n<li><strong>DF:<\/strong>26\/08 \u2013 Veteran Car Club de Brasilia \u201cII Rally Brasilia Historica\u201d;<\/li>\n<li><strong>SC:<\/strong>02\/09 \u2013 Blumenau Vintage Club \u201c1\u00ba Rally Vale da Cerveja\u201d;<\/li>\n<li><strong>SP:<\/strong>28\/10 \u2013 Alfa Romeo Clube do Brasil S\u00e3o Paulo;<\/li>\n<li><strong>RS:<\/strong>23-25\/11 \u2013 Classic Car Club RS \u201cXVII Rally Internacional\u201d\u00a0(<strong>FINAL CBR<\/strong>).<\/li>\n<\/ul>\n<p style=\"text-align: justify;\"><strong>Pr\u00f3ximas etapas da II Copa Ga\u00facha:<\/strong><\/p>\n<ul>\n<li style=\"text-align: justify;\"><strong>RS:<\/strong>19\/08 \u2013 Classic Car Club RS \u201cXVI Rally da Serra\u201d;<\/li>\n<li style=\"text-align: justify;\"><strong>RS:<\/strong>23-25\/11 \u2013 Classic Car Club RS \u201cXVII Rally Internacional\u201d\u00a0(<strong>FINAL<\/strong>).<\/li>\n<\/ul>\n","protected":false},"excerpt":{"rendered":"<p>O \u201cVI Passeio Cronometrado dos Vinhedos\u201d aconteceu no dia 08 de julho e movimentou a Serra Ga\u00facha, com sa\u00edda na Vin\u00edcola Miolo, no Vale dos Vinhedos, em Bento Gon\u00e7alves\/RS. O evento fora v\u00e1lido como uma etapa do IX Campeonato Brasileiro Baterias Cral e da II Copa Ga\u00facha.\u00a0Leia o artigo completo na edi\u00e7\u00e3o 92 da Revista [&hellip;]<\/p>\n","protected":false},"author":1,"featured_media":10124,"comment_status":"closed","ping_status":"closed","sticky":false,"template":"","format":"standard","meta":{"_links_to":"","_links_to_target":""},"categories":[6,663],"tags":[],"yoast_head":"<!-- This site is optimized with the Yoast SEO plugin v19.3 - https:\/\/yoast.com\/wordpress\/plugins\/seo\/ -->\n<title>Edi\u00e7\u00e3o 92: VI Passeio Cronometrado dos Vinhedos<\/title>\n<meta name=\"description\" content=\"O VI Passeio Cronometrado dos Vinhedos aconteceu no dia 08 de julho e movimentou a Serra Ga\u00facha, no Vale dos Vinhedos, em Bento Gon\u00e7alves\/RS.\" \/>\n<meta name=\"robots\" content=\"index, follow, max-snippet:-1, max-image-preview:large, max-video-preview:-1\" \/>\n<link rel=\"canonical\" href=\"https:\/\/www.classicshow.com.br\/site\/vi-passeio-cronometrado-dos-vinhedos\/\" \/>\n<meta property=\"og:locale\" content=\"pt_BR\" \/>\n<meta property=\"og:type\" content=\"article\" \/>\n<meta property=\"og:title\" content=\"Edi\u00e7\u00e3o 92: VI Passeio Cronometrado dos Vinhedos\" \/>\n<meta property=\"og:description\" content=\"O \u201cVI Passeio Cronometrado dos Vinhedos\u201d aconteceu no dia 08 de julho e movimentou a Serra Ga\u00facha, no Vale dos Vinhedos, em Bento Gon\u00e7alves\/RS.\" \/>\n<meta property=\"og:url\" content=\"https:\/\/www.classicshow.com.br\/site\/vi-passeio-cronometrado-dos-vinhedos\/\" \/>\n<meta property=\"og:site_name\" content=\"Revista Classic Show, a sua revista de carros antigos\" \/>\n<meta property=\"article:publisher\" content=\"https:\/\/www.facebook.com\/classic.show.7\" \/>\n<meta property=\"article:published_time\" content=\"2017-08-18T17:12:16+00:00\" \/>\n<meta property=\"og:image\" content=\"https:\/\/www.classicshow.com.br\/site\/wp-content\/uploads\/2017\/08\/rally-92.jpg\" \/>\n\t<meta property=\"og:image:width\" content=\"800\" \/>\n\t<meta property=\"og:image:height\" content=\"445\" \/>\n\t<meta property=\"og:image:type\" content=\"image\/jpeg\" \/>\n<meta name=\"author\" content=\"Classic Show\" \/>\n<meta name=\"twitter:card\" content=\"summary_large_image\" \/>\n<meta name=\"twitter:creator\" content=\"@revista_cshow\" \/>\n<meta name=\"twitter:site\" content=\"@revista_cshow\" \/>\n<meta name=\"twitter:label1\" content=\"Escrito por\" \/>\n\t<meta name=\"twitter:data1\" content=\"Classic Show\" \/>\n\t<meta name=\"twitter:label2\" content=\"Est. tempo de leitura\" \/>\n\t<meta name=\"twitter:data2\" content=\"2 minutos\" \/>\n<script type=\"application\/ld+json\" class=\"yoast-schema-graph\">{\"@context\":\"https:\/\/schema.org\",\"@graph\":[{\"@type\":\"Organization\",\"@id\":\"https:\/\/www.classicshow.com.br\/site\/#organization\",\"name\":\"Revista Classic Show, a sua revista de carros antigos\",\"url\":\"https:\/\/www.classicshow.com.br\/site\/\",\"sameAs\":[\"https:\/\/www.youtube.com\/user\/ClassicShowM\",\"https:\/\/www.facebook.com\/classic.show.7\",\"https:\/\/twitter.com\/revista_cshow\"],\"logo\":{\"@type\":\"ImageObject\",\"inLanguage\":\"pt-BR\",\"@id\":\"https:\/\/www.classicshow.com.br\/site\/#\/schema\/logo\/image\/\",\"url\":\"https:\/\/www.classicshow.com.br\/site\/wp-content\/uploads\/2015\/09\/logo_cs.jpg\",\"contentUrl\":\"https:\/\/www.classicshow.com.br\/site\/wp-content\/uploads\/2015\/09\/logo_cs.jpg\",\"width\":339,\"height\":150,\"caption\":\"Revista Classic Show, a sua revista de carros antigos\"},\"image\":{\"@id\":\"https:\/\/www.classicshow.com.br\/site\/#\/schema\/logo\/image\/\"}},{\"@type\":\"WebSite\",\"@id\":\"https:\/\/www.classicshow.com.br\/site\/#website\",\"url\":\"https:\/\/www.classicshow.com.br\/site\/\",\"name\":\"Revista Classic Show, a sua revista de carros antigos\",\"description\":\"Fa\u00e7a sua assinatura! Aqui voc\u00ea encontra tudo sobre o universo dos carros antigos: mat\u00e9rias completas, encontros de carros antigos, livros especializados e muito mais!\",\"publisher\":{\"@id\":\"https:\/\/www.classicshow.com.br\/site\/#organization\"},\"potentialAction\":[{\"@type\":\"SearchAction\",\"target\":{\"@type\":\"EntryPoint\",\"urlTemplate\":\"https:\/\/www.classicshow.com.br\/site\/?s={search_term_string}\"},\"query-input\":\"required name=search_term_string\"}],\"inLanguage\":\"pt-BR\"},{\"@type\":\"ImageObject\",\"inLanguage\":\"pt-BR\",\"@id\":\"https:\/\/www.classicshow.com.br\/site\/vi-passeio-cronometrado-dos-vinhedos\/#primaryimage\",\"url\":\"https:\/\/www.classicshow.com.br\/site\/wp-content\/uploads\/2017\/08\/rally-92.jpg\",\"contentUrl\":\"https:\/\/www.classicshow.com.br\/site\/wp-content\/uploads\/2017\/08\/rally-92.jpg\",\"width\":800,\"height\":445},{\"@type\":\"WebPage\",\"@id\":\"https:\/\/www.classicshow.com.br\/site\/vi-passeio-cronometrado-dos-vinhedos\/\",\"url\":\"https:\/\/www.classicshow.com.br\/site\/vi-passeio-cronometrado-dos-vinhedos\/\",\"name\":\"Edi\u00e7\u00e3o 92: VI Passeio Cronometrado dos Vinhedos\",\"isPartOf\":{\"@id\":\"https:\/\/www.classicshow.com.br\/site\/#website\"},\"primaryImageOfPage\":{\"@id\":\"https:\/\/www.classicshow.com.br\/site\/vi-passeio-cronometrado-dos-vinhedos\/#primaryimage\"},\"datePublished\":\"2017-08-18T17:12:16+00:00\",\"dateModified\":\"2017-08-18T17:12:16+00:00\",\"description\":\"O VI Passeio Cronometrado dos Vinhedos aconteceu no dia 08 de julho e movimentou a Serra Ga\u00facha, no Vale dos Vinhedos, em Bento Gon\u00e7alves\/RS.\",\"breadcrumb\":{\"@id\":\"https:\/\/www.classicshow.com.br\/site\/vi-passeio-cronometrado-dos-vinhedos\/#breadcrumb\"},\"inLanguage\":\"pt-BR\",\"potentialAction\":[{\"@type\":\"ReadAction\",\"target\":[\"https:\/\/www.classicshow.com.br\/site\/vi-passeio-cronometrado-dos-vinhedos\/\"]}]},{\"@type\":\"BreadcrumbList\",\"@id\":\"https:\/\/www.classicshow.com.br\/site\/vi-passeio-cronometrado-dos-vinhedos\/#breadcrumb\",\"itemListElement\":[{\"@type\":\"ListItem\",\"position\":1,\"name\":\"In\u00edcio\",\"item\":\"https:\/\/www.classicshow.com.br\/site\/\"},{\"@type\":\"ListItem\",\"position\":2,\"name\":\"Edi\u00e7\u00e3o 92: VI Passeio Cronometrado dos Vinhedos\"}]},{\"@type\":\"Article\",\"@id\":\"https:\/\/www.classicshow.com.br\/site\/vi-passeio-cronometrado-dos-vinhedos\/#article\",\"isPartOf\":{\"@id\":\"https:\/\/www.classicshow.com.br\/site\/vi-passeio-cronometrado-dos-vinhedos\/\"},\"author\":{\"name\":\"Classic Show\",\"@id\":\"https:\/\/www.classicshow.com.br\/site\/#\/schema\/person\/8c54ff81f431cd672b14ca26e8c3eb09\"},\"headline\":\"Edi\u00e7\u00e3o 92: VI Passeio Cronometrado dos Vinhedos\",\"datePublished\":\"2017-08-18T17:12:16+00:00\",\"dateModified\":\"2017-08-18T17:12:16+00:00\",\"mainEntityOfPage\":{\"@id\":\"https:\/\/www.classicshow.com.br\/site\/vi-passeio-cronometrado-dos-vinhedos\/\"},\"wordCount\":315,\"publisher\":{\"@id\":\"https:\/\/www.classicshow.com.br\/site\/#organization\"},\"image\":{\"@id\":\"https:\/\/www.classicshow.com.br\/site\/vi-passeio-cronometrado-dos-vinhedos\/#primaryimage\"},\"thumbnailUrl\":\"https:\/\/www.classicshow.com.br\/site\/wp-content\/uploads\/2017\/08\/rally-92.jpg\",\"articleSection\":[\"E+\",\"Revista Classic Show edi\u00e7\u00e3o 92\"],\"inLanguage\":\"pt-BR\"},{\"@type\":\"Person\",\"@id\":\"https:\/\/www.classicshow.com.br\/site\/#\/schema\/person\/8c54ff81f431cd672b14ca26e8c3eb09\",\"name\":\"Classic Show\",\"image\":{\"@type\":\"ImageObject\",\"inLanguage\":\"pt-BR\",\"@id\":\"https:\/\/www.classicshow.com.br\/site\/#\/schema\/person\/image\/\",\"url\":\"https:\/\/secure.gravatar.com\/avatar\/fd6fb2d4e5bb8208867ace0b29c31fc9?s=96&d=mm&r=g\",\"contentUrl\":\"https:\/\/secure.gravatar.com\/avatar\/fd6fb2d4e5bb8208867ace0b29c31fc9?s=96&d=mm&r=g\",\"caption\":\"Classic Show\"},\"url\":\"https:\/\/www.classicshow.com.br\/site\/author\/classic-show\/\"}]}<\/script>\n<!-- \/ Yoast SEO plugin. -->","yoast_head_json":{"title":"Edi\u00e7\u00e3o 92: VI Passeio Cronometrado dos Vinhedos","description":"O VI Passeio Cronometrado dos Vinhedos aconteceu no dia 08 de julho e movimentou a Serra Ga\u00facha, no Vale dos Vinhedos, em Bento Gon\u00e7alves\/RS.","robots":{"index":"index","follow":"follow","max-snippet":"max-snippet:-1","max-image-preview":"max-image-preview:large","max-video-preview":"max-video-preview:-1"},"canonical":"https:\/\/www.classicshow.com.br\/site\/vi-passeio-cronometrado-dos-vinhedos\/","og_locale":"pt_BR","og_type":"article","og_title":"Edi\u00e7\u00e3o 92: VI Passeio Cronometrado dos Vinhedos","og_description":"O \u201cVI Passeio Cronometrado dos Vinhedos\u201d aconteceu no dia 08 de julho e movimentou a Serra Ga\u00facha, no Vale dos Vinhedos, em Bento Gon\u00e7alves\/RS.","og_url":"https:\/\/www.classicshow.com.br\/site\/vi-passeio-cronometrado-dos-vinhedos\/","og_site_name":"Revista Classic Show, a sua revista de carros antigos","article_publisher":"https:\/\/www.facebook.com\/classic.show.7","article_published_time":"2017-08-18T17:12:16+00:00","og_image":[{"width":800,"height":445,"url":"https:\/\/www.classicshow.com.br\/site\/wp-content\/uploads\/2017\/08\/rally-92.jpg","type":"image\/jpeg"}],"author":"Classic Show","twitter_card":"summary_large_image","twitter_creator":"@revista_cshow","twitter_site":"@revista_cshow","twitter_misc":{"Escrito por":"Classic Show","Est. tempo de leitura":"2 minutos"},"schema":{"@context":"https:\/\/schema.org","@graph":[{"@type":"Organization","@id":"https:\/\/www.classicshow.com.br\/site\/#organization","name":"Revista Classic Show, a sua revista de carros antigos","url":"https:\/\/www.classicshow.com.br\/site\/","sameAs":["https:\/\/www.youtube.com\/user\/ClassicShowM","https:\/\/www.facebook.com\/classic.show.7","https:\/\/twitter.com\/revista_cshow"],"logo":{"@type":"ImageObject","inLanguage":"pt-BR","@id":"https:\/\/www.classicshow.com.br\/site\/#\/schema\/logo\/image\/","url":"https:\/\/www.classicshow.com.br\/site\/wp-content\/uploads\/2015\/09\/logo_cs.jpg","contentUrl":"https:\/\/www.classicshow.com.br\/site\/wp-content\/uploads\/2015\/09\/logo_cs.jpg","width":339,"height":150,"caption":"Revista Classic Show, a sua revista de carros antigos"},"image":{"@id":"https:\/\/www.classicshow.com.br\/site\/#\/schema\/logo\/image\/"}},{"@type":"WebSite","@id":"https:\/\/www.classicshow.com.br\/site\/#website","url":"https:\/\/www.classicshow.com.br\/site\/","name":"Revista Classic Show, a sua revista de carros antigos","description":"Fa\u00e7a sua assinatura! Aqui voc\u00ea encontra tudo sobre o universo dos carros antigos: mat\u00e9rias completas, encontros de carros antigos, livros especializados e muito mais!","publisher":{"@id":"https:\/\/www.classicshow.com.br\/site\/#organization"},"potentialAction":[{"@type":"SearchAction","target":{"@type":"EntryPoint","urlTemplate":"https:\/\/www.classicshow.com.br\/site\/?s={search_term_string}"},"query-input":"required name=search_term_string"}],"inLanguage":"pt-BR"},{"@type":"ImageObject","inLanguage":"pt-BR","@id":"https:\/\/www.classicshow.com.br\/site\/vi-passeio-cronometrado-dos-vinhedos\/#primaryimage","url":"https:\/\/www.classicshow.com.br\/site\/wp-content\/uploads\/2017\/08\/rally-92.jpg","contentUrl":"https:\/\/www.classicshow.com.br\/site\/wp-content\/uploads\/2017\/08\/rally-92.jpg","width":800,"height":445},{"@type":"WebPage","@id":"https:\/\/www.classicshow.com.br\/site\/vi-passeio-cronometrado-dos-vinhedos\/","url":"https:\/\/www.classicshow.com.br\/site\/vi-passeio-cronometrado-dos-vinhedos\/","name":"Edi\u00e7\u00e3o 92: VI Passeio Cronometrado dos Vinhedos","isPartOf":{"@id":"https:\/\/www.classicshow.com.br\/site\/#website"},"primaryImageOfPage":{"@id":"https:\/\/www.classicshow.com.br\/site\/vi-passeio-cronometrado-dos-vinhedos\/#primaryimage"},"datePublished":"2017-08-18T17:12:16+00:00","dateModified":"2017-08-18T17:12:16+00:00","description":"O VI Passeio Cronometrado dos Vinhedos aconteceu no dia 08 de julho e movimentou a Serra Ga\u00facha, no Vale dos Vinhedos, em Bento Gon\u00e7alves\/RS.","breadcrumb":{"@id":"https:\/\/www.classicshow.com.br\/site\/vi-passeio-cronometrado-dos-vinhedos\/#breadcrumb"},"inLanguage":"pt-BR","potentialAction":[{"@type":"ReadAction","target":["https:\/\/www.classicshow.com.br\/site\/vi-passeio-cronometrado-dos-vinhedos\/"]}]},{"@type":"BreadcrumbList","@id":"https:\/\/www.classicshow.com.br\/site\/vi-passeio-cronometrado-dos-vinhedos\/#breadcrumb","itemListElement":[{"@type":"ListItem","position":1,"name":"In\u00edcio","item":"https:\/\/www.classicshow.com.br\/site\/"},{"@type":"ListItem","position":2,"name":"Edi\u00e7\u00e3o 92: VI Passeio Cronometrado dos Vinhedos"}]},{"@type":"Article","@id":"https:\/\/www.classicshow.com.br\/site\/vi-passeio-cronometrado-dos-vinhedos\/#article","isPartOf":{"@id":"https:\/\/www.classicshow.com.br\/site\/vi-passeio-cronometrado-dos-vinhedos\/"},"author":{"name":"Classic Show","@id":"https:\/\/www.classicshow.com.br\/site\/#\/schema\/person\/8c54ff81f431cd672b14ca26e8c3eb09"},"headline":"Edi\u00e7\u00e3o 92: VI Passeio Cronometrado dos Vinhedos","datePublished":"2017-08-18T17:12:16+00:00","dateModified":"2017-08-18T17:12:16+00:00","mainEntityOfPage":{"@id":"https:\/\/www.classicshow.com.br\/site\/vi-passeio-cronometrado-dos-vinhedos\/"},"wordCount":315,"publisher":{"@id":"https:\/\/www.classicshow.com.br\/site\/#organization"},"image":{"@id":"https:\/\/www.classicshow.com.br\/site\/vi-passeio-cronometrado-dos-vinhedos\/#primaryimage"},"thumbnailUrl":"https:\/\/www.classicshow.com.br\/site\/wp-content\/uploads\/2017\/08\/rally-92.jpg","articleSection":["E+","Revista Classic Show edi\u00e7\u00e3o 92"],"inLanguage":"pt-BR"},{"@type":"Person","@id":"https:\/\/www.classicshow.com.br\/site\/#\/schema\/person\/8c54ff81f431cd672b14ca26e8c3eb09","name":"Classic Show","image":{"@type":"ImageObject","inLanguage":"pt-BR","@id":"https:\/\/www.classicshow.com.br\/site\/#\/schema\/person\/image\/","url":"https:\/\/secure.gravatar.com\/avatar\/fd6fb2d4e5bb8208867ace0b29c31fc9?s=96&d=mm&r=g","contentUrl":"https:\/\/secure.gravatar.com\/avatar\/fd6fb2d4e5bb8208867ace0b29c31fc9?s=96&d=mm&r=g","caption":"Classic Show"},"url":"https:\/\/www.classicshow.com.br\/site\/author\/classic-show\/"}]}},"_links":{"self":[{"href":"https:\/\/www.classicshow.com.br\/site\/wp-json\/wp\/v2\/posts\/10121"}],"collection":[{"href":"https:\/\/www.classicshow.com.br\/site\/wp-json\/wp\/v2\/posts"}],"about":[{"href":"https:\/\/www.classicshow.com.br\/site\/wp-json\/wp\/v2\/types\/post"}],"author":[{"embeddable":true,"href":"https:\/\/www.classicshow.com.br\/site\/wp-json\/wp\/v2\/users\/1"}],"replies":[{"embeddable":true,"href":"https:\/\/www.classicshow.com.br\/site\/wp-json\/wp\/v2\/comments?post=10121"}],"version-history":[{"count":3,"href":"https:\/\/www.classicshow.com.br\/site\/wp-json\/wp\/v2\/posts\/10121\/revisions"}],"predecessor-version":[{"id":10233,"href":"https:\/\/www.classicshow.com.br\/site\/wp-json\/wp\/v2\/posts\/10121\/revisions\/10233"}],"wp:featuredmedia":[{"embeddable":true,"href":"https:\/\/www.classicshow.com.br\/site\/wp-json\/wp\/v2\/media\/10124"}],"wp:attachment":[{"href":"https:\/\/www.classicshow.com.br\/site\/wp-json\/wp\/v2\/media?parent=10121"}],"wp:term":[{"taxonomy":"category","embeddable":true,"href":"https:\/\/www.classicshow.com.br\/site\/wp-json\/wp\/v2\/categories?post=10121"},{"taxonomy":"post_tag","embeddable":true,"href":"https:\/\/www.classicshow.com.br\/site\/wp-json\/wp\/v2\/tags?post=10121"}],"curies":[{"name":"wp","href":"https:\/\/api.w.org\/{rel}","templated":true}]}}